{"id":149712,"date":"2025-01-21T11:03:12","date_gmt":"2025-01-21T11:03:12","guid":{"rendered":"https:\/\/greenpatio.es\/?p=149712"},"modified":"2025-05-08T11:56:32","modified_gmt":"2025-05-08T11:56:32","slug":"por-que-madrid-es-el-destino-ideal-para-eventos-corporativos-en-europa","status":"publish","type":"post","link":"https:\/\/greenpatio.es\/de\/por-que-madrid-es-el-destino-ideal-para-eventos-corporativos-en-europa\/","title":{"rendered":"Warum Madrid das ideale Ziel f\u00fcr Firmenveranstaltungen in Europa ist"},"content":{"rendered":"<p>Madrid, die pulsierende Hauptstadt Spaniens, ist nicht nur ein hervorragendes Reiseziel, sondern auch eines der f\u00fchrenden Gesch\u00e4fts- und Kulturzentren Europas. Deshalb wurde sie erneut zum besten Ziel f\u00fcr Firmenveranstaltungen gew\u00e4hlt, denn die Kombination aus Geschichte, Modernit\u00e4t und erstklassiger Infrastruktur macht sie zu einem erstklassigen Ort f\u00fcr die Organisation von Firmenveranstaltungen. <strong>internationale Firmenveranstaltungen<\/strong>.<\/p>\n\n\n\n<p><\/p>\n\n\n\n<p>Bei den renommiertesten Auszeichnungen der Branche, den World Travel Awards, wurde Madrid 2024 zum sechsten Mal in Folge zur weltweit f\u00fchrenden Destination f\u00fcr Tagungs- und Kongresstourismus gek\u00fcrt und setzte sich damit gegen Destinationen wie Singapur, Paris, Las Vegas, Sydney und Dubai durch; es ist bereits das sechste Mal, dass Madrid diese von der gesamten MICE-Branche weltweit vergebene Auszeichnung erh\u00e4lt.<\/p>\n\n\n\n<p><\/p>\n\n\n\n<p>Wenn Sie also auf der Suche sind nach <strong>die besten Veranstaltungsorte in Madrid<\/strong> o <strong>einzigartige R\u00e4ume f\u00fcr Veranstaltungen<\/strong>Hier erfahren Sie, warum diese Stadt ganz oben auf Ihrer Liste stehen sollte.<\/p>\n\n\n\n<hr class=\"wp-block-separator has-alpha-channel-opacity\"\/>\n\n\n\n<h2 class=\"wp-block-heading\"><strong>Madrid als Gesch\u00e4fts- und Kulturzentrum in Europa<\/strong><\/h2>\n\n\n\n<p>Im Herzen der Iberischen Halbinsel gelegen, ist Madrid ein ideales Drehkreuz f\u00fcr Unternehmen aus aller Welt. Sein Flughafen, Adolfo Su\u00e1rez Madrid-Barajas, ist einer der verkehrsreichsten in Europa und bietet Direktfl\u00fcge zu mehr als 200 internationalen Zielen.<\/p>\n\n\n\n<p>Dar\u00fcber hinaus ist Madrid f\u00fcr sein unvergleichliches Kulturangebot bekannt. Die Stadt beherbergt ber\u00fchmte Museen wie das <a href=\"https:\/\/www.museodelprado.es\/\">Prado<\/a> und die <a href=\"https:\/\/www.museoreinasofia.es\/\">K\u00f6nigin Sofia<\/a>Die renommierte Gastronomie und das Nachtleben der Stadt sind die perfekte Erg\u00e4nzung zu jedem Gesch\u00e4ftsplan. Diese Kombination aus Gesch\u00e4ft und Vergn\u00fcgen ist eine bereichernde Erfahrung f\u00fcr die Teilnehmer von Firmenveranstaltungen, sowohl beruflich als auch pers\u00f6nlich.<\/p>\n\n\n\n<hr class=\"wp-block-separator has-alpha-channel-opacity\"\/>\n\n\n\n<h2 class=\"wp-block-heading\"><strong>Der strategische Standort und die Dienstleistungen von Green Patio<\/strong><\/h2>\n\n\n\n<p>Wenn es darum geht <strong>Veranstaltungsorte f\u00fcr internationale Events in Madrid<\/strong>Green Patio ist eine der besten Optionen. Das Green Patio befindet sich im Finanzdistrikt und bietet eine strategisch g\u00fcnstige Lage und eine moderne Infrastruktur, die f\u00fcr Veranstaltungen jeder Gr\u00f6\u00dfe geeignet ist.<\/p>\n\n\n\n<p>Was macht Green Patio so besonders?<\/p>\n\n\n\n<ul class=\"wp-block-list\">\n<li><strong>Innovatives Design:<\/strong> Green Patio verbindet Geschichte und Nachhaltigkeit in jedem Detail und ist ein Ma\u00dfstab f\u00fcr moderne Architektur und Design in Europa.<\/li>\n\n\n\n<li><strong>Vielseitige R\u00e4ume:<\/strong> Von exklusiven Meetings bis hin zu gro\u00dfen Firmengalas - unsere R\u00e4ume sind so gestaltet, dass sie sich den Bed\u00fcrfnissen jedes Kunden anpassen.<\/li>\n\n\n\n<li><strong>Bekenntnis zur Nachhaltigkeit:<\/strong> Wir haben ein historisches Geb\u00e4ude zu einem nachhaltigen Veranstaltungsort umgebaut, mit LED-Beleuchtungssystemen, nat\u00fcrlicher Bel\u00fcftung und umweltfreundlichen Materialien.<\/li>\n<\/ul>\n\n\n\n<p>Unsere privilegierte Lage und die hohe Qualit\u00e4t unserer Dienstleistungen machen uns zu einem der besten Anbieter weltweit. <strong>Die besten Veranstaltungsorte f\u00fcr Unternehmen in Europa<\/strong>.<\/p>\n\n\n\n<hr class=\"wp-block-separator has-alpha-channel-opacity\"\/>\n\n\n\n<h2 class=\"wp-block-heading\"><strong>Warum internationale Unternehmen uns f\u00fcr ihre Veranstaltungen w\u00e4hlen<\/strong><\/h2>\n\n\n\n<p>Jedes Jahr finden in Madrid Veranstaltungen f\u00fcr internationale Unternehmen statt, die auf der Suche nach einem einzigartigen und professionellen Umfeld sind. Dies sind einige der Gr\u00fcnde, warum internationale Unternehmen Green Patio w\u00e4hlen:<\/p>\n\n\n\n<ol class=\"wp-block-list\">\n<li><strong>Internationale Zug\u00e4nglichkeit:<\/strong> Madrid verf\u00fcgt \u00fcber ein ausgezeichnetes Verkehrsnetz, so dass die Teilnehmer aus allen Teilen der Welt problemlos anreisen k\u00f6nnen.<\/li>\n\n\n\n<li><strong>R\u00e4ume, die etwas bewirken sollen:<\/strong> Bei Green Patio finden die Unternehmen <strong>einzigartige R\u00e4ume f\u00fcr Veranstaltungen<\/strong> die sich durch ihre \u00c4sthetik und Funktionalit\u00e4t auszeichnen, vom <a href=\"https:\/\/greenpatio.es\/de\/sala-de-cristal\/\">Kristallzimmer <\/a>in nat\u00fcrliches Licht getaucht, bis hin zur Terrasse, die ideal f\u00fcr den Feierabend und Cocktails im Freien ist.<\/li>\n\n\n\n<li><strong>Pers\u00f6nliche Betreuung:<\/strong> Wir bieten einen umfassenden Service von der Planung bis zur Ausf\u00fchrung und sorgen daf\u00fcr, dass jedes Detail ber\u00fccksichtigt wird.<\/li>\n\n\n\n<li><strong>Kultur und Unterhaltung:<\/strong> Madrid bietet unendlich viele M\u00f6glichkeiten, jede Veranstaltung zu erg\u00e4nzen, von kulturellen Besuchen bis hin zu exklusiven gastronomischen Erlebnissen.<\/li>\n<\/ol>\n\n\n\n<hr class=\"wp-block-separator has-alpha-channel-opacity\"\/>\n\n\n\n<h2 class=\"wp-block-heading\"><strong>Veranstalten Sie Ihr Event im Green Patio und \u00fcberraschen Sie Ihre Teilnehmer<\/strong><\/h2>\n\n\n\n<p>Wenn Sie eine Firmenveranstaltung planen und einen Veranstaltungsort suchen, der Design, Nachhaltigkeit und eine strategische Lage miteinander verbindet, ist Green Patio die beste Wahl f\u00fcr Sie. Finden Sie heraus, warum wir einer der <strong>Veranstaltungsorte f\u00fcr internationale Events in Madrid<\/strong> Madrid erwartet Sie, und wir von Green Patio sind bereit, Ihre Ideen in die Tat umzusetzen. <strong>Nehmen Sie noch heute Kontakt mit uns auf und sichern Sie sich Ihren Platz in einem der besten Veranstaltungsorte f\u00fcr Unternehmen in Europa.<\/strong><\/p>\n\n\n\n<p><\/p>","protected":false},"excerpt":{"rendered":"<p>Madrid, la vibrante capital de&#8230;<\/p>","protected":false},"author":1,"featured_media":149713,"comment_status":"closed","ping_status":"open","sticky":false,"template":"","format":"standard","meta":{"_monsterinsights_skip_tracking":false,"_monsterinsights_sitenote_active":false,"_monsterinsights_sitenote_note":"","_monsterinsights_sitenote_category":0,"footnotes":""},"categories":[173],"tags":[],"class_list":["post-149712","post","type-post","status-publish","format-standard","has-post-thumbnail","hentry","category-descubre-madrid"],"yoast_head":"<!-- This site is optimized with the Yoast SEO plugin v24.0 - https:\/\/yoast.com\/wordpress\/plugins\/seo\/ -->\n<title>Por Qu\u00e9 Madrid es el Destino Ideal para Eventos Corporativos en Europa<\/title>\n<meta name=\"description\" content=\"Madrid es un punto de conexi\u00f3n ideal para empresas de todo el mundo, descubre las ventajas de realizar tu evento en la capital\" \/>\n<meta name=\"robots\" content=\"index, follow, max-snippet:-1, max-image-preview:large, max-video-preview:-1\" \/>\n<link rel=\"canonical\" href=\"https:\/\/greenpatio.es\/de\/por-que-madrid-es-el-destino-ideal-para-eventos-corporativos-en-europa\/\" \/>\n<meta property=\"og:locale\" content=\"de_DE\" \/>\n<meta property=\"og:type\" content=\"article\" \/>\n<meta property=\"og:title\" content=\"Por Qu\u00e9 Madrid es el Destino Ideal para Eventos Corporativos en Europa\" \/>\n<meta property=\"og:description\" content=\"Madrid es un punto de conexi\u00f3n ideal para empresas de todo el mundo, descubre las ventajas de realizar tu evento en la capital\" \/>\n<meta property=\"og:url\" content=\"https:\/\/greenpatio.es\/de\/por-que-madrid-es-el-destino-ideal-para-eventos-corporativos-en-europa\/\" \/>\n<meta property=\"og:site_name\" content=\"Green Patio\" \/>\n<meta property=\"article:published_time\" content=\"2025-01-21T11:03:12+00:00\" \/>\n<meta property=\"article:modified_time\" content=\"2025-05-08T11:56:32+00:00\" \/>\n<meta property=\"og:image\" content=\"https:\/\/greenpatio.es\/wp-content\/uploads\/2025\/01\/florian-wehde-WBGjg0DsO_g-unsplash-min-scaled.jpg\" \/>\n\t<meta property=\"og:image:width\" content=\"2560\" \/>\n\t<meta property=\"og:image:height\" content=\"1707\" \/>\n\t<meta property=\"og:image:type\" content=\"image\/jpeg\" \/>\n<meta name=\"author\" content=\"admin\" \/>\n<meta name=\"twitter:card\" content=\"summary_large_image\" \/>\n<meta name=\"twitter:label1\" content=\"Verfasst von\" \/>\n\t<meta name=\"twitter:data1\" content=\"admin\" \/>\n\t<meta name=\"twitter:label2\" content=\"Gesch\u00e4tzte Lesezeit\" \/>\n\t<meta name=\"twitter:data2\" content=\"4\u00a0Minuten\" \/>\n<script type=\"application\/ld+json\" class=\"yoast-schema-graph\">{\"@context\":\"https:\/\/schema.org\",\"@graph\":[{\"@type\":\"Article\",\"@id\":\"https:\/\/greenpatio.es\/por-que-madrid-es-el-destino-ideal-para-eventos-corporativos-en-europa\/#article\",\"isPartOf\":{\"@id\":\"https:\/\/greenpatio.es\/por-que-madrid-es-el-destino-ideal-para-eventos-corporativos-en-europa\/\"},\"author\":{\"name\":\"admin\",\"@id\":\"https:\/\/greenpatio.es\/#\/schema\/person\/85538d898e3b9d8195d05f58aa605b8d\"},\"headline\":\"Por Qu\u00e9 Madrid es el Destino Ideal para Eventos Corporativos en Europa\",\"datePublished\":\"2025-01-21T11:03:12+00:00\",\"dateModified\":\"2025-05-08T11:56:32+00:00\",\"mainEntityOfPage\":{\"@id\":\"https:\/\/greenpatio.es\/por-que-madrid-es-el-destino-ideal-para-eventos-corporativos-en-europa\/\"},\"wordCount\":708,\"publisher\":{\"@id\":\"https:\/\/greenpatio.es\/#organization\"},\"image\":{\"@id\":\"https:\/\/greenpatio.es\/por-que-madrid-es-el-destino-ideal-para-eventos-corporativos-en-europa\/#primaryimage\"},\"thumbnailUrl\":\"https:\/\/greenpatio.es\/wp-content\/uploads\/2025\/01\/florian-wehde-WBGjg0DsO_g-unsplash-min-scaled.jpg\",\"articleSection\":[\"Descubre Madrid\"],\"inLanguage\":\"de\"},{\"@type\":\"WebPage\",\"@id\":\"https:\/\/greenpatio.es\/por-que-madrid-es-el-destino-ideal-para-eventos-corporativos-en-europa\/\",\"url\":\"https:\/\/greenpatio.es\/por-que-madrid-es-el-destino-ideal-para-eventos-corporativos-en-europa\/\",\"name\":\"Por Qu\u00e9 Madrid es el Destino Ideal para Eventos Corporativos en Europa\",\"isPartOf\":{\"@id\":\"https:\/\/greenpatio.es\/#website\"},\"primaryImageOfPage\":{\"@id\":\"https:\/\/greenpatio.es\/por-que-madrid-es-el-destino-ideal-para-eventos-corporativos-en-europa\/#primaryimage\"},\"image\":{\"@id\":\"https:\/\/greenpatio.es\/por-que-madrid-es-el-destino-ideal-para-eventos-corporativos-en-europa\/#primaryimage\"},\"thumbnailUrl\":\"https:\/\/greenpatio.es\/wp-content\/uploads\/2025\/01\/florian-wehde-WBGjg0DsO_g-unsplash-min-scaled.jpg\",\"datePublished\":\"2025-01-21T11:03:12+00:00\",\"dateModified\":\"2025-05-08T11:56:32+00:00\",\"description\":\"Madrid es un punto de conexi\u00f3n ideal para empresas de todo el mundo, descubre las ventajas de realizar tu evento en la capital\",\"breadcrumb\":{\"@id\":\"https:\/\/greenpatio.es\/por-que-madrid-es-el-destino-ideal-para-eventos-corporativos-en-europa\/#breadcrumb\"},\"inLanguage\":\"de\",\"potentialAction\":[{\"@type\":\"ReadAction\",\"target\":[\"https:\/\/greenpatio.es\/por-que-madrid-es-el-destino-ideal-para-eventos-corporativos-en-europa\/\"]}]},{\"@type\":\"ImageObject\",\"inLanguage\":\"de\",\"@id\":\"https:\/\/greenpatio.es\/por-que-madrid-es-el-destino-ideal-para-eventos-corporativos-en-europa\/#primaryimage\",\"url\":\"https:\/\/greenpatio.es\/wp-content\/uploads\/2025\/01\/florian-wehde-WBGjg0DsO_g-unsplash-min-scaled.jpg\",\"contentUrl\":\"https:\/\/greenpatio.es\/wp-content\/uploads\/2025\/01\/florian-wehde-WBGjg0DsO_g-unsplash-min-scaled.jpg\",\"width\":2560,\"height\":1707,\"caption\":\"Ciudad de Madrid\"},{\"@type\":\"BreadcrumbList\",\"@id\":\"https:\/\/greenpatio.es\/por-que-madrid-es-el-destino-ideal-para-eventos-corporativos-en-europa\/#breadcrumb\",\"itemListElement\":[{\"@type\":\"ListItem\",\"position\":1,\"name\":\"Inicio\",\"item\":\"https:\/\/greenpatio.es\/\"},{\"@type\":\"ListItem\",\"position\":2,\"name\":\"Por Qu\u00e9 Madrid es el Destino Ideal para Eventos Corporativos en Europa\"}]},{\"@type\":\"WebSite\",\"@id\":\"https:\/\/greenpatio.es\/#website\",\"url\":\"https:\/\/greenpatio.es\/\",\"name\":\"Green Patio\",\"description\":\"Espacios para eventos en Madrid\",\"publisher\":{\"@id\":\"https:\/\/greenpatio.es\/#organization\"},\"alternateName\":\"Green Patio - Espacios para eventos en Madrid\",\"potentialAction\":[{\"@type\":\"SearchAction\",\"target\":{\"@type\":\"EntryPoint\",\"urlTemplate\":\"https:\/\/greenpatio.es\/?s={search_term_string}\"},\"query-input\":{\"@type\":\"PropertyValueSpecification\",\"valueRequired\":true,\"valueName\":\"search_term_string\"}}],\"inLanguage\":\"de\"},{\"@type\":\"Organization\",\"@id\":\"https:\/\/greenpatio.es\/#organization\",\"name\":\"Green Patio\",\"alternateName\":\"Green Patio Espacio para eventos en Madrid\",\"url\":\"https:\/\/greenpatio.es\/\",\"logo\":{\"@type\":\"ImageObject\",\"inLanguage\":\"de\",\"@id\":\"https:\/\/greenpatio.es\/#\/schema\/logo\/image\/\",\"url\":\"https:\/\/greenpatio.es\/wp-content\/uploads\/2024\/12\/logo-reducido-green-patio.png\",\"contentUrl\":\"https:\/\/greenpatio.es\/wp-content\/uploads\/2024\/12\/logo-reducido-green-patio.png\",\"width\":1465,\"height\":1465,\"caption\":\"Green Patio\"},\"image\":{\"@id\":\"https:\/\/greenpatio.es\/#\/schema\/logo\/image\/\"},\"sameAs\":[\"https:\/\/www.instagram.com\/greenpatioevents\/\"]},{\"@type\":\"Person\",\"@id\":\"https:\/\/greenpatio.es\/#\/schema\/person\/85538d898e3b9d8195d05f58aa605b8d\",\"name\":\"admin\",\"image\":{\"@type\":\"ImageObject\",\"inLanguage\":\"de\",\"@id\":\"https:\/\/greenpatio.es\/#\/schema\/person\/image\/\",\"url\":\"https:\/\/secure.gravatar.com\/avatar\/dc343822ff32eded78127b9bc70d7a8bc38956142c75c7731c634a64f56fcafe?s=96&d=mm&r=g\",\"contentUrl\":\"https:\/\/secure.gravatar.com\/avatar\/dc343822ff32eded78127b9bc70d7a8bc38956142c75c7731c634a64f56fcafe?s=96&d=mm&r=g\",\"caption\":\"admin\"},\"sameAs\":[\"https:\/\/greenpatio.es\"]}]}<\/script>\n<!-- \/ Yoast SEO plugin. -->","yoast_head_json":{"title":"Por Qu\u00e9 Madrid es el Destino Ideal para Eventos Corporativos en Europa","description":"Madrid es un punto de conexi\u00f3n ideal para empresas de todo el mundo, descubre las ventajas de realizar tu evento en la capital","robots":{"index":"index","follow":"follow","max-snippet":"max-snippet:-1","max-image-preview":"max-image-preview:large","max-video-preview":"max-video-preview:-1"},"canonical":"https:\/\/greenpatio.es\/de\/por-que-madrid-es-el-destino-ideal-para-eventos-corporativos-en-europa\/","og_locale":"de_DE","og_type":"article","og_title":"Por Qu\u00e9 Madrid es el Destino Ideal para Eventos Corporativos en Europa","og_description":"Madrid es un punto de conexi\u00f3n ideal para empresas de todo el mundo, descubre las ventajas de realizar tu evento en la capital","og_url":"https:\/\/greenpatio.es\/de\/por-que-madrid-es-el-destino-ideal-para-eventos-corporativos-en-europa\/","og_site_name":"Green Patio","article_published_time":"2025-01-21T11:03:12+00:00","article_modified_time":"2025-05-08T11:56:32+00:00","og_image":[{"width":2560,"height":1707,"url":"https:\/\/greenpatio.es\/wp-content\/uploads\/2025\/01\/florian-wehde-WBGjg0DsO_g-unsplash-min-scaled.jpg","type":"image\/jpeg"}],"author":"admin","twitter_card":"summary_large_image","twitter_misc":{"Verfasst von":"admin","Gesch\u00e4tzte Lesezeit":"4\u00a0Minuten"},"schema":{"@context":"https:\/\/schema.org","@graph":[{"@type":"Article","@id":"https:\/\/greenpatio.es\/por-que-madrid-es-el-destino-ideal-para-eventos-corporativos-en-europa\/#article","isPartOf":{"@id":"https:\/\/greenpatio.es\/por-que-madrid-es-el-destino-ideal-para-eventos-corporativos-en-europa\/"},"author":{"name":"admin","@id":"https:\/\/greenpatio.es\/#\/schema\/person\/85538d898e3b9d8195d05f58aa605b8d"},"headline":"Por Qu\u00e9 Madrid es el Destino Ideal para Eventos Corporativos en Europa","datePublished":"2025-01-21T11:03:12+00:00","dateModified":"2025-05-08T11:56:32+00:00","mainEntityOfPage":{"@id":"https:\/\/greenpatio.es\/por-que-madrid-es-el-destino-ideal-para-eventos-corporativos-en-europa\/"},"wordCount":708,"publisher":{"@id":"https:\/\/greenpatio.es\/#organization"},"image":{"@id":"https:\/\/greenpatio.es\/por-que-madrid-es-el-destino-ideal-para-eventos-corporativos-en-europa\/#primaryimage"},"thumbnailUrl":"https:\/\/greenpatio.es\/wp-content\/uploads\/2025\/01\/florian-wehde-WBGjg0DsO_g-unsplash-min-scaled.jpg","articleSection":["Descubre Madrid"],"inLanguage":"de"},{"@type":"WebPage","@id":"https:\/\/greenpatio.es\/por-que-madrid-es-el-destino-ideal-para-eventos-corporativos-en-europa\/","url":"https:\/\/greenpatio.es\/por-que-madrid-es-el-destino-ideal-para-eventos-corporativos-en-europa\/","name":"Por Qu\u00e9 Madrid es el Destino Ideal para Eventos Corporativos en Europa","isPartOf":{"@id":"https:\/\/greenpatio.es\/#website"},"primaryImageOfPage":{"@id":"https:\/\/greenpatio.es\/por-que-madrid-es-el-destino-ideal-para-eventos-corporativos-en-europa\/#primaryimage"},"image":{"@id":"https:\/\/greenpatio.es\/por-que-madrid-es-el-destino-ideal-para-eventos-corporativos-en-europa\/#primaryimage"},"thumbnailUrl":"https:\/\/greenpatio.es\/wp-content\/uploads\/2025\/01\/florian-wehde-WBGjg0DsO_g-unsplash-min-scaled.jpg","datePublished":"2025-01-21T11:03:12+00:00","dateModified":"2025-05-08T11:56:32+00:00","description":"Madrid es un punto de conexi\u00f3n ideal para empresas de todo el mundo, descubre las ventajas de realizar tu evento en la capital","breadcrumb":{"@id":"https:\/\/greenpatio.es\/por-que-madrid-es-el-destino-ideal-para-eventos-corporativos-en-europa\/#breadcrumb"},"inLanguage":"de","potentialAction":[{"@type":"ReadAction","target":["https:\/\/greenpatio.es\/por-que-madrid-es-el-destino-ideal-para-eventos-corporativos-en-europa\/"]}]},{"@type":"ImageObject","inLanguage":"de","@id":"https:\/\/greenpatio.es\/por-que-madrid-es-el-destino-ideal-para-eventos-corporativos-en-europa\/#primaryimage","url":"https:\/\/greenpatio.es\/wp-content\/uploads\/2025\/01\/florian-wehde-WBGjg0DsO_g-unsplash-min-scaled.jpg","contentUrl":"https:\/\/greenpatio.es\/wp-content\/uploads\/2025\/01\/florian-wehde-WBGjg0DsO_g-unsplash-min-scaled.jpg","width":2560,"height":1707,"caption":"Ciudad de Madrid"},{"@type":"BreadcrumbList","@id":"https:\/\/greenpatio.es\/por-que-madrid-es-el-destino-ideal-para-eventos-corporativos-en-europa\/#breadcrumb","itemListElement":[{"@type":"ListItem","position":1,"name":"Inicio","item":"https:\/\/greenpatio.es\/"},{"@type":"ListItem","position":2,"name":"Por Qu\u00e9 Madrid es el Destino Ideal para Eventos Corporativos en Europa"}]},{"@type":"WebSite","@id":"https:\/\/greenpatio.es\/#website","url":"https:\/\/greenpatio.es\/","name":"Green Patio","description":"Espacios para eventos en Madrid","publisher":{"@id":"https:\/\/greenpatio.es\/#organization"},"alternateName":"Green Patio - Espacios para eventos en Madrid","potentialAction":[{"@type":"SearchAction","target":{"@type":"EntryPoint","urlTemplate":"https:\/\/greenpatio.es\/?s={search_term_string}"},"query-input":{"@type":"PropertyValueSpecification","valueRequired":true,"valueName":"search_term_string"}}],"inLanguage":"de"},{"@type":"Organization","@id":"https:\/\/greenpatio.es\/#organization","name":"Green Patio","alternateName":"Green Patio Espacio para eventos en Madrid","url":"https:\/\/greenpatio.es\/","logo":{"@type":"ImageObject","inLanguage":"de","@id":"https:\/\/greenpatio.es\/#\/schema\/logo\/image\/","url":"https:\/\/greenpatio.es\/wp-content\/uploads\/2024\/12\/logo-reducido-green-patio.png","contentUrl":"https:\/\/greenpatio.es\/wp-content\/uploads\/2024\/12\/logo-reducido-green-patio.png","width":1465,"height":1465,"caption":"Green Patio"},"image":{"@id":"https:\/\/greenpatio.es\/#\/schema\/logo\/image\/"},"sameAs":["https:\/\/www.instagram.com\/greenpatioevents\/"]},{"@type":"Person","@id":"https:\/\/greenpatio.es\/#\/schema\/person\/85538d898e3b9d8195d05f58aa605b8d","name":"admin","image":{"@type":"ImageObject","inLanguage":"de","@id":"https:\/\/greenpatio.es\/#\/schema\/person\/image\/","url":"https:\/\/secure.gravatar.com\/avatar\/dc343822ff32eded78127b9bc70d7a8bc38956142c75c7731c634a64f56fcafe?s=96&d=mm&r=g","contentUrl":"https:\/\/secure.gravatar.com\/avatar\/dc343822ff32eded78127b9bc70d7a8bc38956142c75c7731c634a64f56fcafe?s=96&d=mm&r=g","caption":"admin"},"sameAs":["https:\/\/greenpatio.es"]}]}},"_links":{"self":[{"href":"https:\/\/greenpatio.es\/de\/wp-json\/wp\/v2\/posts\/149712","targetHints":{"allow":["GET"]}}],"collection":[{"href":"https:\/\/greenpatio.es\/de\/wp-json\/wp\/v2\/posts"}],"about":[{"href":"https:\/\/greenpatio.es\/de\/wp-json\/wp\/v2\/types\/post"}],"author":[{"embeddable":true,"href":"https:\/\/greenpatio.es\/de\/wp-json\/wp\/v2\/users\/1"}],"replies":[{"embeddable":true,"href":"https:\/\/greenpatio.es\/de\/wp-json\/wp\/v2\/comments?post=149712"}],"version-history":[{"count":4,"href":"https:\/\/greenpatio.es\/de\/wp-json\/wp\/v2\/posts\/149712\/revisions"}],"predecessor-version":[{"id":150021,"href":"https:\/\/greenpatio.es\/de\/wp-json\/wp\/v2\/posts\/149712\/revisions\/150021"}],"wp:featuredmedia":[{"embeddable":true,"href":"https:\/\/greenpatio.es\/de\/wp-json\/wp\/v2\/media\/149713"}],"wp:attachment":[{"href":"https:\/\/greenpatio.es\/de\/wp-json\/wp\/v2\/media?parent=149712"}],"wp:term":[{"taxonomy":"category","embeddable":true,"href":"https:\/\/greenpatio.es\/de\/wp-json\/wp\/v2\/categories?post=149712"},{"taxonomy":"post_tag","embeddable":true,"href":"https:\/\/greenpatio.es\/de\/wp-json\/wp\/v2\/tags?post=149712"}],"curies":[{"name":"wp","href":"https:\/\/api.w.org\/{rel}","templated":true}]}}