{"id":149712,"date":"2025-01-21T11:03:12","date_gmt":"2025-01-21T11:03:12","guid":{"rendered":"https:\/\/greenpatio.es\/?p=149712"},"modified":"2025-05-08T11:56:32","modified_gmt":"2025-05-08T11:56:32","slug":"por-que-madrid-es-el-destino-ideal-para-eventos-corporativos-en-europa","status":"publish","type":"post","link":"https:\/\/greenpatio.es\/fr\/por-que-madrid-es-el-destino-ideal-para-eventos-corporativos-en-europa\/","title":{"rendered":"Pourquoi Madrid est-elle la destination id\u00e9ale pour les \u00e9v\u00e9nements d'entreprise en Europe ?"},"content":{"rendered":"<p>Madrid, la vibrante capitale de l'Espagne, n'est pas seulement une destination touristique exceptionnelle, mais aussi l'un des principaux centres d'affaires et culturels d'Europe. Elle a une fois de plus \u00e9t\u00e9 choisie comme la meilleure destination pour les \u00e9v\u00e9nements d'entreprise, sa combinaison d'histoire, de modernit\u00e9 et d'infrastructures de premier ordre en faisant un lieu de choix pour l'organisation d'\u00e9v\u00e9nements d'entreprise. <strong>\u00e9v\u00e9nements internationaux d'entreprise<\/strong>.<\/p>\n\n\n\n<p><\/p>\n\n\n\n<p>Les prix les plus prestigieux du secteur, les World Travel Awards, ont reconnu Madrid en 2024 comme la premi\u00e8re destination mondiale pour le tourisme de r\u00e9unions et de congr\u00e8s, pour la sixi\u00e8me fois cons\u00e9cutive et devant des destinations telles que Singapour, Paris, Las Vegas, Sydney et Duba\u00ef ; c'est la sixi\u00e8me fois qu'elle remporte ce prix vot\u00e9 par l'ensemble du secteur MICE dans le monde entier.<\/p>\n\n\n\n<p><\/p>\n\n\n\n<p>Si vous cherchez <strong>les meilleures salles \u00e0 Madrid<\/strong> o <strong>des espaces uniques pour les \u00e9v\u00e9nements<\/strong>Voici pourquoi cette ville devrait figurer en t\u00eate de votre liste.<\/p>\n\n\n\n<hr class=\"wp-block-separator has-alpha-channel-opacity\"\/>\n\n\n\n<h2 class=\"wp-block-heading\"><strong>Madrid, centre culturel et commercial de l'Europe<\/strong><\/h2>\n\n\n\n<p>Situ\u00e9e au c\u0153ur de la p\u00e9ninsule ib\u00e9rique, Madrid est une plaque tournante id\u00e9ale pour les entreprises du monde entier. Son a\u00e9roport, Adolfo Su\u00e1rez Madrid-Barajas, est l'un des plus fr\u00e9quent\u00e9s d'Europe et propose des vols directs vers plus de 200 destinations internationales.<\/p>\n\n\n\n<p>En outre, Madrid est connue pour son offre culturelle in\u00e9gal\u00e9e. La ville abrite des mus\u00e9es embl\u00e9matiques tels que le <a href=\"https:\/\/www.museodelprado.es\/\">Prado<\/a> et le <a href=\"https:\/\/www.museoreinasofia.es\/\">Reine Sofia<\/a>La gastronomie et la vie nocturne r\u00e9put\u00e9es de la ville compl\u00e8tent parfaitement tout programme d'affaires. Cette combinaison d'affaires et de plaisir constitue une exp\u00e9rience enrichissante pour ceux qui participent \u00e0 des \u00e9v\u00e9nements d'entreprise, tant sur le plan professionnel que personnel.<\/p>\n\n\n\n<hr class=\"wp-block-separator has-alpha-channel-opacity\"\/>\n\n\n\n<h2 class=\"wp-block-heading\"><strong>Emplacement strat\u00e9gique et services de Green Patio<\/strong><\/h2>\n\n\n\n<p>Lorsqu'il s'agit de <strong>lieux d'accueil d'\u00e9v\u00e9nements internationaux \u00e0 Madrid<\/strong>Green Patio est l'une des options les plus remarquables. Situ\u00e9 dans le quartier financier, Green Patio offre un emplacement strat\u00e9gique et une infrastructure moderne pouvant accueillir des \u00e9v\u00e9nements de toute taille.<\/p>\n\n\n\n<p>Qu'est-ce qui fait la sp\u00e9cificit\u00e9 de Green Patio ?<\/p>\n\n\n\n<ul class=\"wp-block-list\">\n<li><strong>Conception innovante :<\/strong> Green Patio allie histoire et durabilit\u00e9 dans les moindres d\u00e9tails et constitue une r\u00e9f\u00e9rence en mati\u00e8re d'architecture et de design modernes en Europe.<\/li>\n\n\n\n<li><strong>Des espaces polyvalents :<\/strong> Des r\u00e9unions exclusives aux grands galas d'entreprise, nos salles sont con\u00e7ues pour se transformer en fonction des besoins de chaque client.<\/li>\n\n\n\n<li><strong>Engagement en faveur de la durabilit\u00e9 :<\/strong> Nous avons r\u00e9nov\u00e9 un b\u00e2timent historique pour en faire un lieu durable, avec des syst\u00e8mes d'\u00e9clairage LED, une ventilation naturelle et des mat\u00e9riaux respectueux de l'environnement.<\/li>\n<\/ul>\n\n\n\n<p>Notre situation privil\u00e9gi\u00e9e, associ\u00e9e \u00e0 des services de haute qualit\u00e9, nous positionne comme l'un des meilleurs au monde. <strong>les meilleurs lieux de r\u00e9union pour les entreprises en Europe<\/strong>.<\/p>\n\n\n\n<hr class=\"wp-block-separator has-alpha-channel-opacity\"\/>\n\n\n\n<h2 class=\"wp-block-heading\"><strong>Pourquoi les entreprises internationales nous choisissent-elles pour leurs \u00e9v\u00e9nements ?<\/strong><\/h2>\n\n\n\n<p>Chaque ann\u00e9e, Madrid accueille des \u00e9v\u00e9nements pour des entreprises internationales \u00e0 la recherche d'un environnement unique et professionnel. Voici quelques-unes des raisons pour lesquelles les entreprises internationales choisissent Green Patio :<\/p>\n\n\n\n<ol class=\"wp-block-list\">\n<li><strong>Accessibilit\u00e9 internationale :<\/strong> Gr\u00e2ce \u00e0 son excellent r\u00e9seau de transport, Madrid permet aux participants d'arriver facilement de n'importe o\u00f9 dans le monde.<\/li>\n\n\n\n<li><strong>Des espaces con\u00e7us pour avoir un impact :<\/strong> Chez Green Patio, les entreprises trouvent <strong>des espaces uniques pour les \u00e9v\u00e9nements<\/strong> qui se distinguent par leur esth\u00e9tique et leur fonctionnalit\u00e9, de la <a href=\"https:\/\/greenpatio.es\/fr\/sala-de-cristal\/\">Chambre de cristal <\/a>baign\u00e9 de lumi\u00e8re naturelle jusqu'\u00e0 la terrasse, id\u00e9ale pour les afterworks et les cocktails en plein air.<\/li>\n\n\n\n<li><strong>Une attention personnalis\u00e9e :<\/strong> Nous offrons un service complet, de la planification \u00e0 l'ex\u00e9cution, en veillant \u00e0 ce que chaque d\u00e9tail soit pris en compte.<\/li>\n\n\n\n<li><strong>Culture et divertissement :<\/strong> Madrid offre d'innombrables possibilit\u00e9s pour compl\u00e9ter tout \u00e9v\u00e9nement, qu'il s'agisse de visites culturelles ou d'exp\u00e9riences gastronomiques exclusives.<\/li>\n<\/ol>\n\n\n\n<hr class=\"wp-block-separator has-alpha-channel-opacity\"\/>\n\n\n\n<h2 class=\"wp-block-heading\"><strong>Accueillez votre \u00e9v\u00e9nement au Green Patio et surprenez vos participants<\/strong><\/h2>\n\n\n\n<p>Si vous planifiez un \u00e9v\u00e9nement d'entreprise et recherchez un lieu qui allie design, durabilit\u00e9 et emplacement strat\u00e9gique, Green Patio est votre meilleure option. D\u00e9couvrez pourquoi nous sommes l'un des <strong>lieux d'accueil d'\u00e9v\u00e9nements internationaux \u00e0 Madrid<\/strong> Madrid vous attend, et chez Green Patio, nous sommes pr\u00eats \u00e0 transformer vos id\u00e9es en r\u00e9alit\u00e9. <strong>Contactez-nous d\u00e8s aujourd'hui et r\u00e9servez votre place dans l'une des meilleures salles d'entreprise d'Europe.<\/strong><\/p>\n\n\n\n<p><\/p>","protected":false},"excerpt":{"rendered":"<p>Madrid, la vibrante capital de&#8230;<\/p>","protected":false},"author":1,"featured_media":149713,"comment_status":"closed","ping_status":"open","sticky":false,"template":"","format":"standard","meta":{"_monsterinsights_skip_tracking":false,"_monsterinsights_sitenote_active":false,"_monsterinsights_sitenote_note":"","_monsterinsights_sitenote_category":0,"footnotes":""},"categories":[173],"tags":[],"class_list":["post-149712","post","type-post","status-publish","format-standard","has-post-thumbnail","hentry","category-descubre-madrid"],"yoast_head":"<!-- This site is optimized with the Yoast SEO plugin v24.0 - https:\/\/yoast.com\/wordpress\/plugins\/seo\/ -->\n<title>Por Qu\u00e9 Madrid es el Destino Ideal para Eventos Corporativos en Europa<\/title>\n<meta name=\"description\" content=\"Madrid es un punto de conexi\u00f3n ideal para empresas de todo el mundo, descubre las ventajas de realizar tu evento en la capital\" \/>\n<meta name=\"robots\" content=\"index, follow, max-snippet:-1, max-image-preview:large, max-video-preview:-1\" \/>\n<link rel=\"canonical\" href=\"https:\/\/greenpatio.es\/fr\/por-que-madrid-es-el-destino-ideal-para-eventos-corporativos-en-europa\/\" \/>\n<meta property=\"og:locale\" content=\"fr_FR\" \/>\n<meta property=\"og:type\" content=\"article\" \/>\n<meta property=\"og:title\" content=\"Por Qu\u00e9 Madrid es el Destino Ideal para Eventos Corporativos en Europa\" \/>\n<meta property=\"og:description\" content=\"Madrid es un punto de conexi\u00f3n ideal para empresas de todo el mundo, descubre las ventajas de realizar tu evento en la capital\" \/>\n<meta property=\"og:url\" content=\"https:\/\/greenpatio.es\/fr\/por-que-madrid-es-el-destino-ideal-para-eventos-corporativos-en-europa\/\" \/>\n<meta property=\"og:site_name\" content=\"Green Patio\" \/>\n<meta property=\"article:published_time\" content=\"2025-01-21T11:03:12+00:00\" \/>\n<meta property=\"article:modified_time\" content=\"2025-05-08T11:56:32+00:00\" \/>\n<meta property=\"og:image\" content=\"https:\/\/greenpatio.es\/wp-content\/uploads\/2025\/01\/florian-wehde-WBGjg0DsO_g-unsplash-min-scaled.jpg\" \/>\n\t<meta property=\"og:image:width\" content=\"2560\" \/>\n\t<meta property=\"og:image:height\" content=\"1707\" \/>\n\t<meta property=\"og:image:type\" content=\"image\/jpeg\" \/>\n<meta name=\"author\" content=\"admin\" \/>\n<meta name=\"twitter:card\" content=\"summary_large_image\" \/>\n<meta name=\"twitter:label1\" content=\"\u00c9crit par\" \/>\n\t<meta name=\"twitter:data1\" content=\"admin\" \/>\n\t<meta name=\"twitter:label2\" content=\"Dur\u00e9e de lecture estim\u00e9e\" \/>\n\t<meta name=\"twitter:data2\" content=\"4 minutes\" \/>\n<script type=\"application\/ld+json\" class=\"yoast-schema-graph\">{\"@context\":\"https:\/\/schema.org\",\"@graph\":[{\"@type\":\"Article\",\"@id\":\"https:\/\/greenpatio.es\/por-que-madrid-es-el-destino-ideal-para-eventos-corporativos-en-europa\/#article\",\"isPartOf\":{\"@id\":\"https:\/\/greenpatio.es\/por-que-madrid-es-el-destino-ideal-para-eventos-corporativos-en-europa\/\"},\"author\":{\"name\":\"admin\",\"@id\":\"https:\/\/greenpatio.es\/#\/schema\/person\/85538d898e3b9d8195d05f58aa605b8d\"},\"headline\":\"Por Qu\u00e9 Madrid es el Destino Ideal para Eventos Corporativos en Europa\",\"datePublished\":\"2025-01-21T11:03:12+00:00\",\"dateModified\":\"2025-05-08T11:56:32+00:00\",\"mainEntityOfPage\":{\"@id\":\"https:\/\/greenpatio.es\/por-que-madrid-es-el-destino-ideal-para-eventos-corporativos-en-europa\/\"},\"wordCount\":708,\"publisher\":{\"@id\":\"https:\/\/greenpatio.es\/#organization\"},\"image\":{\"@id\":\"https:\/\/greenpatio.es\/por-que-madrid-es-el-destino-ideal-para-eventos-corporativos-en-europa\/#primaryimage\"},\"thumbnailUrl\":\"https:\/\/greenpatio.es\/wp-content\/uploads\/2025\/01\/florian-wehde-WBGjg0DsO_g-unsplash-min-scaled.jpg\",\"articleSection\":[\"Descubre Madrid\"],\"inLanguage\":\"fr-FR\"},{\"@type\":\"WebPage\",\"@id\":\"https:\/\/greenpatio.es\/por-que-madrid-es-el-destino-ideal-para-eventos-corporativos-en-europa\/\",\"url\":\"https:\/\/greenpatio.es\/por-que-madrid-es-el-destino-ideal-para-eventos-corporativos-en-europa\/\",\"name\":\"Por Qu\u00e9 Madrid es el Destino Ideal para Eventos Corporativos en Europa\",\"isPartOf\":{\"@id\":\"https:\/\/greenpatio.es\/#website\"},\"primaryImageOfPage\":{\"@id\":\"https:\/\/greenpatio.es\/por-que-madrid-es-el-destino-ideal-para-eventos-corporativos-en-europa\/#primaryimage\"},\"image\":{\"@id\":\"https:\/\/greenpatio.es\/por-que-madrid-es-el-destino-ideal-para-eventos-corporativos-en-europa\/#primaryimage\"},\"thumbnailUrl\":\"https:\/\/greenpatio.es\/wp-content\/uploads\/2025\/01\/florian-wehde-WBGjg0DsO_g-unsplash-min-scaled.jpg\",\"datePublished\":\"2025-01-21T11:03:12+00:00\",\"dateModified\":\"2025-05-08T11:56:32+00:00\",\"description\":\"Madrid es un punto de conexi\u00f3n ideal para empresas de todo el mundo, descubre las ventajas de realizar tu evento en la capital\",\"breadcrumb\":{\"@id\":\"https:\/\/greenpatio.es\/por-que-madrid-es-el-destino-ideal-para-eventos-corporativos-en-europa\/#breadcrumb\"},\"inLanguage\":\"fr-FR\",\"potentialAction\":[{\"@type\":\"ReadAction\",\"target\":[\"https:\/\/greenpatio.es\/por-que-madrid-es-el-destino-ideal-para-eventos-corporativos-en-europa\/\"]}]},{\"@type\":\"ImageObject\",\"inLanguage\":\"fr-FR\",\"@id\":\"https:\/\/greenpatio.es\/por-que-madrid-es-el-destino-ideal-para-eventos-corporativos-en-europa\/#primaryimage\",\"url\":\"https:\/\/greenpatio.es\/wp-content\/uploads\/2025\/01\/florian-wehde-WBGjg0DsO_g-unsplash-min-scaled.jpg\",\"contentUrl\":\"https:\/\/greenpatio.es\/wp-content\/uploads\/2025\/01\/florian-wehde-WBGjg0DsO_g-unsplash-min-scaled.jpg\",\"width\":2560,\"height\":1707,\"caption\":\"Ciudad de Madrid\"},{\"@type\":\"BreadcrumbList\",\"@id\":\"https:\/\/greenpatio.es\/por-que-madrid-es-el-destino-ideal-para-eventos-corporativos-en-europa\/#breadcrumb\",\"itemListElement\":[{\"@type\":\"ListItem\",\"position\":1,\"name\":\"Inicio\",\"item\":\"https:\/\/greenpatio.es\/\"},{\"@type\":\"ListItem\",\"position\":2,\"name\":\"Por Qu\u00e9 Madrid es el Destino Ideal para Eventos Corporativos en Europa\"}]},{\"@type\":\"WebSite\",\"@id\":\"https:\/\/greenpatio.es\/#website\",\"url\":\"https:\/\/greenpatio.es\/\",\"name\":\"Green Patio\",\"description\":\"Espacios para eventos en Madrid\",\"publisher\":{\"@id\":\"https:\/\/greenpatio.es\/#organization\"},\"alternateName\":\"Green Patio - Espacios para eventos en Madrid\",\"potentialAction\":[{\"@type\":\"SearchAction\",\"target\":{\"@type\":\"EntryPoint\",\"urlTemplate\":\"https:\/\/greenpatio.es\/?s={search_term_string}\"},\"query-input\":{\"@type\":\"PropertyValueSpecification\",\"valueRequired\":true,\"valueName\":\"search_term_string\"}}],\"inLanguage\":\"fr-FR\"},{\"@type\":\"Organization\",\"@id\":\"https:\/\/greenpatio.es\/#organization\",\"name\":\"Green Patio\",\"alternateName\":\"Green Patio Espacio para eventos en Madrid\",\"url\":\"https:\/\/greenpatio.es\/\",\"logo\":{\"@type\":\"ImageObject\",\"inLanguage\":\"fr-FR\",\"@id\":\"https:\/\/greenpatio.es\/#\/schema\/logo\/image\/\",\"url\":\"https:\/\/greenpatio.es\/wp-content\/uploads\/2024\/12\/logo-reducido-green-patio.png\",\"contentUrl\":\"https:\/\/greenpatio.es\/wp-content\/uploads\/2024\/12\/logo-reducido-green-patio.png\",\"width\":1465,\"height\":1465,\"caption\":\"Green Patio\"},\"image\":{\"@id\":\"https:\/\/greenpatio.es\/#\/schema\/logo\/image\/\"},\"sameAs\":[\"https:\/\/www.instagram.com\/greenpatioevents\/\"]},{\"@type\":\"Person\",\"@id\":\"https:\/\/greenpatio.es\/#\/schema\/person\/85538d898e3b9d8195d05f58aa605b8d\",\"name\":\"admin\",\"image\":{\"@type\":\"ImageObject\",\"inLanguage\":\"fr-FR\",\"@id\":\"https:\/\/greenpatio.es\/#\/schema\/person\/image\/\",\"url\":\"https:\/\/secure.gravatar.com\/avatar\/dc343822ff32eded78127b9bc70d7a8bc38956142c75c7731c634a64f56fcafe?s=96&d=mm&r=g\",\"contentUrl\":\"https:\/\/secure.gravatar.com\/avatar\/dc343822ff32eded78127b9bc70d7a8bc38956142c75c7731c634a64f56fcafe?s=96&d=mm&r=g\",\"caption\":\"admin\"},\"sameAs\":[\"https:\/\/greenpatio.es\"]}]}<\/script>\n<!-- \/ Yoast SEO plugin. -->","yoast_head_json":{"title":"Por Qu\u00e9 Madrid es el Destino Ideal para Eventos Corporativos en Europa","description":"Madrid es un punto de conexi\u00f3n ideal para empresas de todo el mundo, descubre las ventajas de realizar tu evento en la capital","robots":{"index":"index","follow":"follow","max-snippet":"max-snippet:-1","max-image-preview":"max-image-preview:large","max-video-preview":"max-video-preview:-1"},"canonical":"https:\/\/greenpatio.es\/fr\/por-que-madrid-es-el-destino-ideal-para-eventos-corporativos-en-europa\/","og_locale":"fr_FR","og_type":"article","og_title":"Por Qu\u00e9 Madrid es el Destino Ideal para Eventos Corporativos en Europa","og_description":"Madrid es un punto de conexi\u00f3n ideal para empresas de todo el mundo, descubre las ventajas de realizar tu evento en la capital","og_url":"https:\/\/greenpatio.es\/fr\/por-que-madrid-es-el-destino-ideal-para-eventos-corporativos-en-europa\/","og_site_name":"Green Patio","article_published_time":"2025-01-21T11:03:12+00:00","article_modified_time":"2025-05-08T11:56:32+00:00","og_image":[{"width":2560,"height":1707,"url":"https:\/\/greenpatio.es\/wp-content\/uploads\/2025\/01\/florian-wehde-WBGjg0DsO_g-unsplash-min-scaled.jpg","type":"image\/jpeg"}],"author":"admin","twitter_card":"summary_large_image","twitter_misc":{"\u00c9crit par":"admin","Dur\u00e9e de lecture estim\u00e9e":"4 minutes"},"schema":{"@context":"https:\/\/schema.org","@graph":[{"@type":"Article","@id":"https:\/\/greenpatio.es\/por-que-madrid-es-el-destino-ideal-para-eventos-corporativos-en-europa\/#article","isPartOf":{"@id":"https:\/\/greenpatio.es\/por-que-madrid-es-el-destino-ideal-para-eventos-corporativos-en-europa\/"},"author":{"name":"admin","@id":"https:\/\/greenpatio.es\/#\/schema\/person\/85538d898e3b9d8195d05f58aa605b8d"},"headline":"Por Qu\u00e9 Madrid es el Destino Ideal para Eventos Corporativos en Europa","datePublished":"2025-01-21T11:03:12+00:00","dateModified":"2025-05-08T11:56:32+00:00","mainEntityOfPage":{"@id":"https:\/\/greenpatio.es\/por-que-madrid-es-el-destino-ideal-para-eventos-corporativos-en-europa\/"},"wordCount":708,"publisher":{"@id":"https:\/\/greenpatio.es\/#organization"},"image":{"@id":"https:\/\/greenpatio.es\/por-que-madrid-es-el-destino-ideal-para-eventos-corporativos-en-europa\/#primaryimage"},"thumbnailUrl":"https:\/\/greenpatio.es\/wp-content\/uploads\/2025\/01\/florian-wehde-WBGjg0DsO_g-unsplash-min-scaled.jpg","articleSection":["Descubre Madrid"],"inLanguage":"fr-FR"},{"@type":"WebPage","@id":"https:\/\/greenpatio.es\/por-que-madrid-es-el-destino-ideal-para-eventos-corporativos-en-europa\/","url":"https:\/\/greenpatio.es\/por-que-madrid-es-el-destino-ideal-para-eventos-corporativos-en-europa\/","name":"Por Qu\u00e9 Madrid es el Destino Ideal para Eventos Corporativos en Europa","isPartOf":{"@id":"https:\/\/greenpatio.es\/#website"},"primaryImageOfPage":{"@id":"https:\/\/greenpatio.es\/por-que-madrid-es-el-destino-ideal-para-eventos-corporativos-en-europa\/#primaryimage"},"image":{"@id":"https:\/\/greenpatio.es\/por-que-madrid-es-el-destino-ideal-para-eventos-corporativos-en-europa\/#primaryimage"},"thumbnailUrl":"https:\/\/greenpatio.es\/wp-content\/uploads\/2025\/01\/florian-wehde-WBGjg0DsO_g-unsplash-min-scaled.jpg","datePublished":"2025-01-21T11:03:12+00:00","dateModified":"2025-05-08T11:56:32+00:00","description":"Madrid es un punto de conexi\u00f3n ideal para empresas de todo el mundo, descubre las ventajas de realizar tu evento en la capital","breadcrumb":{"@id":"https:\/\/greenpatio.es\/por-que-madrid-es-el-destino-ideal-para-eventos-corporativos-en-europa\/#breadcrumb"},"inLanguage":"fr-FR","potentialAction":[{"@type":"ReadAction","target":["https:\/\/greenpatio.es\/por-que-madrid-es-el-destino-ideal-para-eventos-corporativos-en-europa\/"]}]},{"@type":"ImageObject","inLanguage":"fr-FR","@id":"https:\/\/greenpatio.es\/por-que-madrid-es-el-destino-ideal-para-eventos-corporativos-en-europa\/#primaryimage","url":"https:\/\/greenpatio.es\/wp-content\/uploads\/2025\/01\/florian-wehde-WBGjg0DsO_g-unsplash-min-scaled.jpg","contentUrl":"https:\/\/greenpatio.es\/wp-content\/uploads\/2025\/01\/florian-wehde-WBGjg0DsO_g-unsplash-min-scaled.jpg","width":2560,"height":1707,"caption":"Ciudad de Madrid"},{"@type":"BreadcrumbList","@id":"https:\/\/greenpatio.es\/por-que-madrid-es-el-destino-ideal-para-eventos-corporativos-en-europa\/#breadcrumb","itemListElement":[{"@type":"ListItem","position":1,"name":"Inicio","item":"https:\/\/greenpatio.es\/"},{"@type":"ListItem","position":2,"name":"Por Qu\u00e9 Madrid es el Destino Ideal para Eventos Corporativos en Europa"}]},{"@type":"WebSite","@id":"https:\/\/greenpatio.es\/#website","url":"https:\/\/greenpatio.es\/","name":"Green Patio","description":"Espacios para eventos en Madrid","publisher":{"@id":"https:\/\/greenpatio.es\/#organization"},"alternateName":"Green Patio - Espacios para eventos en Madrid","potentialAction":[{"@type":"SearchAction","target":{"@type":"EntryPoint","urlTemplate":"https:\/\/greenpatio.es\/?s={search_term_string}"},"query-input":{"@type":"PropertyValueSpecification","valueRequired":true,"valueName":"search_term_string"}}],"inLanguage":"fr-FR"},{"@type":"Organization","@id":"https:\/\/greenpatio.es\/#organization","name":"Green Patio","alternateName":"Green Patio Espacio para eventos en Madrid","url":"https:\/\/greenpatio.es\/","logo":{"@type":"ImageObject","inLanguage":"fr-FR","@id":"https:\/\/greenpatio.es\/#\/schema\/logo\/image\/","url":"https:\/\/greenpatio.es\/wp-content\/uploads\/2024\/12\/logo-reducido-green-patio.png","contentUrl":"https:\/\/greenpatio.es\/wp-content\/uploads\/2024\/12\/logo-reducido-green-patio.png","width":1465,"height":1465,"caption":"Green Patio"},"image":{"@id":"https:\/\/greenpatio.es\/#\/schema\/logo\/image\/"},"sameAs":["https:\/\/www.instagram.com\/greenpatioevents\/"]},{"@type":"Person","@id":"https:\/\/greenpatio.es\/#\/schema\/person\/85538d898e3b9d8195d05f58aa605b8d","name":"admin","image":{"@type":"ImageObject","inLanguage":"fr-FR","@id":"https:\/\/greenpatio.es\/#\/schema\/person\/image\/","url":"https:\/\/secure.gravatar.com\/avatar\/dc343822ff32eded78127b9bc70d7a8bc38956142c75c7731c634a64f56fcafe?s=96&d=mm&r=g","contentUrl":"https:\/\/secure.gravatar.com\/avatar\/dc343822ff32eded78127b9bc70d7a8bc38956142c75c7731c634a64f56fcafe?s=96&d=mm&r=g","caption":"admin"},"sameAs":["https:\/\/greenpatio.es"]}]}},"_links":{"self":[{"href":"https:\/\/greenpatio.es\/fr\/wp-json\/wp\/v2\/posts\/149712","targetHints":{"allow":["GET"]}}],"collection":[{"href":"https:\/\/greenpatio.es\/fr\/wp-json\/wp\/v2\/posts"}],"about":[{"href":"https:\/\/greenpatio.es\/fr\/wp-json\/wp\/v2\/types\/post"}],"author":[{"embeddable":true,"href":"https:\/\/greenpatio.es\/fr\/wp-json\/wp\/v2\/users\/1"}],"replies":[{"embeddable":true,"href":"https:\/\/greenpatio.es\/fr\/wp-json\/wp\/v2\/comments?post=149712"}],"version-history":[{"count":4,"href":"https:\/\/greenpatio.es\/fr\/wp-json\/wp\/v2\/posts\/149712\/revisions"}],"predecessor-version":[{"id":150021,"href":"https:\/\/greenpatio.es\/fr\/wp-json\/wp\/v2\/posts\/149712\/revisions\/150021"}],"wp:featuredmedia":[{"embeddable":true,"href":"https:\/\/greenpatio.es\/fr\/wp-json\/wp\/v2\/media\/149713"}],"wp:attachment":[{"href":"https:\/\/greenpatio.es\/fr\/wp-json\/wp\/v2\/media?parent=149712"}],"wp:term":[{"taxonomy":"category","embeddable":true,"href":"https:\/\/greenpatio.es\/fr\/wp-json\/wp\/v2\/categories?post=149712"},{"taxonomy":"post_tag","embeddable":true,"href":"https:\/\/greenpatio.es\/fr\/wp-json\/wp\/v2\/tags?post=149712"}],"curies":[{"name":"wp","href":"https:\/\/api.w.org\/{rel}","templated":true}]}}