{"id":149712,"date":"2025-01-21T11:03:12","date_gmt":"2025-01-21T11:03:12","guid":{"rendered":"https:\/\/greenpatio.es\/?p=149712"},"modified":"2025-05-08T11:56:32","modified_gmt":"2025-05-08T11:56:32","slug":"por-que-madrid-es-el-destino-ideal-para-eventos-corporativos-en-europa","status":"publish","type":"post","link":"https:\/\/greenpatio.es\/it\/por-que-madrid-es-el-destino-ideal-para-eventos-corporativos-en-europa\/","title":{"rendered":"Perch\u00e9 Madrid \u00e8 la destinazione ideale per gli eventi aziendali in Europa"},"content":{"rendered":"<p>Madrid, la vivace capitale della Spagna, non \u00e8 solo un'eccezionale destinazione turistica, ma anche uno dei principali centri economici e culturali d'Europa, ed \u00e8 stata scelta ancora una volta come la migliore destinazione per gli eventi aziendali, grazie alla sua combinazione di storia, modernit\u00e0 e infrastrutture di prima classe che la rendono una location privilegiata per l'organizzazione di eventi aziendali. <strong>eventi aziendali internazionali<\/strong>.<\/p>\n\n\n\n<p><\/p>\n\n\n\n<p>I premi pi\u00f9 prestigiosi del settore, i World Travel Awards, hanno riconosciuto Madrid nel 2024 come la destinazione leader al mondo per il turismo di meeting e congressi, per la sesta volta consecutiva e battendo destinazioni come Singapore, Parigi, Las Vegas, Sydney e Dubai; \u00e8 la sesta volta che vince questo premio votato dall'intero settore MICE a livello mondiale.<\/p>\n\n\n\n<p><\/p>\n\n\n\n<p>Quindi, se siete alla ricerca di <strong>i migliori locali di Madrid<\/strong> o <strong>spazi unici per eventi<\/strong>Ecco perch\u00e9 questa citt\u00e0 dovrebbe essere in cima alla vostra lista.<\/p>\n\n\n\n<hr class=\"wp-block-separator has-alpha-channel-opacity\"\/>\n\n\n\n<h2 class=\"wp-block-heading\"><strong>Madrid come centro economico e culturale d'Europa<\/strong><\/h2>\n\n\n\n<p>Situata nel cuore della penisola iberica, Madrid \u00e8 un hub ideale per le aziende di tutto il mondo. Il suo aeroporto, Adolfo Su\u00e1rez Madrid-Barajas, \u00e8 uno dei pi\u00f9 trafficati d'Europa e offre voli diretti verso oltre 200 destinazioni internazionali.<\/p>\n\n\n\n<p>Inoltre, Madrid \u00e8 nota per la sua impareggiabile offerta culturale. La citt\u00e0 \u00e8 sede di musei iconici come il <a href=\"https:\/\/www.museodelprado.es\/\">Prado<\/a> e il <a href=\"https:\/\/www.museoreinasofia.es\/\">Regina Sofia<\/a>La rinomata gastronomia e la vita notturna della citt\u00e0 completano perfettamente qualsiasi agenda di lavoro. Questo connubio tra affari e piacere rende l'esperienza di chi partecipa agli eventi aziendali un'esperienza arricchente, sia dal punto di vista professionale che personale.<\/p>\n\n\n\n<hr class=\"wp-block-separator has-alpha-channel-opacity\"\/>\n\n\n\n<h2 class=\"wp-block-heading\"><strong>Posizione strategica e servizi di Green Patio<\/strong><\/h2>\n\n\n\n<p>Quando si tratta di <strong>sedi per eventi internazionali a Madrid<\/strong>Il Green Patio \u00e8 una delle opzioni pi\u00f9 interessanti. Situato nel distretto finanziario, il Green Patio offre una posizione strategica e un'infrastruttura moderna in grado di ospitare eventi di qualsiasi dimensione.<\/p>\n\n\n\n<p>Cosa rende speciale Green Patio?<\/p>\n\n\n\n<ul class=\"wp-block-list\">\n<li><strong>Design innovativo:<\/strong> Green Patio combina storia e sostenibilit\u00e0 in ogni dettaglio ed \u00e8 un punto di riferimento per l'architettura moderna e il design in Europa.<\/li>\n\n\n\n<li><strong>Spazi versatili:<\/strong> Dalle riunioni esclusive alle grandi serate di gala aziendali, le nostre sale sono progettate per trasformarsi in base alle esigenze di ogni cliente.<\/li>\n\n\n\n<li><strong>Impegno per la sostenibilit\u00e0:<\/strong> Abbiamo ristrutturato un edificio storico trasformandolo in una sede sostenibile, con sistemi di illuminazione a LED, ventilazione naturale e materiali ecologici.<\/li>\n<\/ul>\n\n\n\n<p>La nostra posizione privilegiata, insieme ai servizi di alta qualit\u00e0, ci posiziona tra i migliori al mondo. <strong>Le migliori sedi aziendali in Europa<\/strong>.<\/p>\n\n\n\n<hr class=\"wp-block-separator has-alpha-channel-opacity\"\/>\n\n\n\n<h2 class=\"wp-block-heading\"><strong>Perch\u00e9 le aziende internazionali ci scelgono per i loro eventi<\/strong><\/h2>\n\n\n\n<p>Ogni anno Madrid ospita eventi per aziende globali alla ricerca di un ambiente unico e professionale. Questi sono alcuni dei motivi per cui le aziende internazionali scelgono il Green Patio:<\/p>\n\n\n\n<ol class=\"wp-block-list\">\n<li><strong>Accessibilit\u00e0 internazionale:<\/strong> Grazie a un'eccellente rete di trasporti, Madrid garantisce che i partecipanti possano arrivare facilmente da qualsiasi parte del mondo.<\/li>\n\n\n\n<li><strong>Spazi progettati per avere un impatto:<\/strong> In Green Patio le aziende trovano <strong>spazi unici per eventi<\/strong> che si distinguono per l'estetica e la funzionalit\u00e0, dal <a href=\"https:\/\/greenpatio.es\/it\/sala-de-cristal\/\">Sala dei cristalli <\/a>inondato di luce naturale fino alla Terrazza, ideale per gli afterwork e i cocktail all'aria aperta.<\/li>\n\n\n\n<li><strong>Attenzione personalizzata:<\/strong> Offriamo un servizio completo, dalla pianificazione all'esecuzione, garantendo la cura di ogni dettaglio.<\/li>\n\n\n\n<li><strong>Cultura e intrattenimento:<\/strong> Madrid offre infinite possibilit\u00e0 per completare qualsiasi evento, dalle visite culturali alle esperienze gastronomiche esclusive.<\/li>\n<\/ol>\n\n\n\n<hr class=\"wp-block-separator has-alpha-channel-opacity\"\/>\n\n\n\n<h2 class=\"wp-block-heading\"><strong>Ospitate il vostro evento al Green Patio e sorprendete i vostri partecipanti<\/strong><\/h2>\n\n\n\n<p>Se state pianificando un evento aziendale e siete alla ricerca di una sede che combini design, sostenibilit\u00e0 e una posizione strategica, Green Patio \u00e8 la scelta migliore. Scoprite perch\u00e9 siamo uno dei <strong>sedi per eventi internazionali a Madrid<\/strong> Madrid vi aspetta e noi di Green Patio siamo pronti a trasformare le vostre idee in realt\u00e0. <strong>Contattateci oggi stesso e assicuratevi il vostro posto in una delle migliori sedi aziendali d'Europa.<\/strong><\/p>\n\n\n\n<p><\/p>","protected":false},"excerpt":{"rendered":"<p>Madrid, la vibrante capital de&#8230;<\/p>","protected":false},"author":1,"featured_media":149713,"comment_status":"closed","ping_status":"open","sticky":false,"template":"","format":"standard","meta":{"_monsterinsights_skip_tracking":false,"_monsterinsights_sitenote_active":false,"_monsterinsights_sitenote_note":"","_monsterinsights_sitenote_category":0,"footnotes":""},"categories":[173],"tags":[],"class_list":["post-149712","post","type-post","status-publish","format-standard","has-post-thumbnail","hentry","category-descubre-madrid"],"yoast_head":"<!-- This site is optimized with the Yoast SEO plugin v24.0 - https:\/\/yoast.com\/wordpress\/plugins\/seo\/ -->\n<title>Por Qu\u00e9 Madrid es el Destino Ideal para Eventos Corporativos en Europa<\/title>\n<meta name=\"description\" content=\"Madrid es un punto de conexi\u00f3n ideal para empresas de todo el mundo, descubre las ventajas de realizar tu evento en la capital\" \/>\n<meta name=\"robots\" content=\"index, follow, max-snippet:-1, max-image-preview:large, max-video-preview:-1\" \/>\n<link rel=\"canonical\" href=\"https:\/\/greenpatio.es\/it\/por-que-madrid-es-el-destino-ideal-para-eventos-corporativos-en-europa\/\" \/>\n<meta property=\"og:locale\" content=\"it_IT\" \/>\n<meta property=\"og:type\" content=\"article\" \/>\n<meta property=\"og:title\" content=\"Por Qu\u00e9 Madrid es el Destino Ideal para Eventos Corporativos en Europa\" \/>\n<meta property=\"og:description\" content=\"Madrid es un punto de conexi\u00f3n ideal para empresas de todo el mundo, descubre las ventajas de realizar tu evento en la capital\" \/>\n<meta property=\"og:url\" content=\"https:\/\/greenpatio.es\/it\/por-que-madrid-es-el-destino-ideal-para-eventos-corporativos-en-europa\/\" \/>\n<meta property=\"og:site_name\" content=\"Green Patio\" \/>\n<meta property=\"article:published_time\" content=\"2025-01-21T11:03:12+00:00\" \/>\n<meta property=\"article:modified_time\" content=\"2025-05-08T11:56:32+00:00\" \/>\n<meta property=\"og:image\" content=\"https:\/\/greenpatio.es\/wp-content\/uploads\/2025\/01\/florian-wehde-WBGjg0DsO_g-unsplash-min-scaled.jpg\" \/>\n\t<meta property=\"og:image:width\" content=\"2560\" \/>\n\t<meta property=\"og:image:height\" content=\"1707\" \/>\n\t<meta property=\"og:image:type\" content=\"image\/jpeg\" \/>\n<meta name=\"author\" content=\"admin\" \/>\n<meta name=\"twitter:card\" content=\"summary_large_image\" \/>\n<meta name=\"twitter:label1\" content=\"Scritto da\" \/>\n\t<meta name=\"twitter:data1\" content=\"admin\" \/>\n\t<meta name=\"twitter:label2\" content=\"Tempo di lettura stimato\" \/>\n\t<meta name=\"twitter:data2\" content=\"4 minuti\" \/>\n<script type=\"application\/ld+json\" class=\"yoast-schema-graph\">{\"@context\":\"https:\/\/schema.org\",\"@graph\":[{\"@type\":\"Article\",\"@id\":\"https:\/\/greenpatio.es\/por-que-madrid-es-el-destino-ideal-para-eventos-corporativos-en-europa\/#article\",\"isPartOf\":{\"@id\":\"https:\/\/greenpatio.es\/por-que-madrid-es-el-destino-ideal-para-eventos-corporativos-en-europa\/\"},\"author\":{\"name\":\"admin\",\"@id\":\"https:\/\/greenpatio.es\/#\/schema\/person\/85538d898e3b9d8195d05f58aa605b8d\"},\"headline\":\"Por Qu\u00e9 Madrid es el Destino Ideal para Eventos Corporativos en Europa\",\"datePublished\":\"2025-01-21T11:03:12+00:00\",\"dateModified\":\"2025-05-08T11:56:32+00:00\",\"mainEntityOfPage\":{\"@id\":\"https:\/\/greenpatio.es\/por-que-madrid-es-el-destino-ideal-para-eventos-corporativos-en-europa\/\"},\"wordCount\":708,\"publisher\":{\"@id\":\"https:\/\/greenpatio.es\/#organization\"},\"image\":{\"@id\":\"https:\/\/greenpatio.es\/por-que-madrid-es-el-destino-ideal-para-eventos-corporativos-en-europa\/#primaryimage\"},\"thumbnailUrl\":\"https:\/\/greenpatio.es\/wp-content\/uploads\/2025\/01\/florian-wehde-WBGjg0DsO_g-unsplash-min-scaled.jpg\",\"articleSection\":[\"Descubre Madrid\"],\"inLanguage\":\"it-IT\"},{\"@type\":\"WebPage\",\"@id\":\"https:\/\/greenpatio.es\/por-que-madrid-es-el-destino-ideal-para-eventos-corporativos-en-europa\/\",\"url\":\"https:\/\/greenpatio.es\/por-que-madrid-es-el-destino-ideal-para-eventos-corporativos-en-europa\/\",\"name\":\"Por Qu\u00e9 Madrid es el Destino Ideal para Eventos Corporativos en Europa\",\"isPartOf\":{\"@id\":\"https:\/\/greenpatio.es\/#website\"},\"primaryImageOfPage\":{\"@id\":\"https:\/\/greenpatio.es\/por-que-madrid-es-el-destino-ideal-para-eventos-corporativos-en-europa\/#primaryimage\"},\"image\":{\"@id\":\"https:\/\/greenpatio.es\/por-que-madrid-es-el-destino-ideal-para-eventos-corporativos-en-europa\/#primaryimage\"},\"thumbnailUrl\":\"https:\/\/greenpatio.es\/wp-content\/uploads\/2025\/01\/florian-wehde-WBGjg0DsO_g-unsplash-min-scaled.jpg\",\"datePublished\":\"2025-01-21T11:03:12+00:00\",\"dateModified\":\"2025-05-08T11:56:32+00:00\",\"description\":\"Madrid es un punto de conexi\u00f3n ideal para empresas de todo el mundo, descubre las ventajas de realizar tu evento en la capital\",\"breadcrumb\":{\"@id\":\"https:\/\/greenpatio.es\/por-que-madrid-es-el-destino-ideal-para-eventos-corporativos-en-europa\/#breadcrumb\"},\"inLanguage\":\"it-IT\",\"potentialAction\":[{\"@type\":\"ReadAction\",\"target\":[\"https:\/\/greenpatio.es\/por-que-madrid-es-el-destino-ideal-para-eventos-corporativos-en-europa\/\"]}]},{\"@type\":\"ImageObject\",\"inLanguage\":\"it-IT\",\"@id\":\"https:\/\/greenpatio.es\/por-que-madrid-es-el-destino-ideal-para-eventos-corporativos-en-europa\/#primaryimage\",\"url\":\"https:\/\/greenpatio.es\/wp-content\/uploads\/2025\/01\/florian-wehde-WBGjg0DsO_g-unsplash-min-scaled.jpg\",\"contentUrl\":\"https:\/\/greenpatio.es\/wp-content\/uploads\/2025\/01\/florian-wehde-WBGjg0DsO_g-unsplash-min-scaled.jpg\",\"width\":2560,\"height\":1707,\"caption\":\"Ciudad de Madrid\"},{\"@type\":\"BreadcrumbList\",\"@id\":\"https:\/\/greenpatio.es\/por-que-madrid-es-el-destino-ideal-para-eventos-corporativos-en-europa\/#breadcrumb\",\"itemListElement\":[{\"@type\":\"ListItem\",\"position\":1,\"name\":\"Inicio\",\"item\":\"https:\/\/greenpatio.es\/\"},{\"@type\":\"ListItem\",\"position\":2,\"name\":\"Por Qu\u00e9 Madrid es el Destino Ideal para Eventos Corporativos en Europa\"}]},{\"@type\":\"WebSite\",\"@id\":\"https:\/\/greenpatio.es\/#website\",\"url\":\"https:\/\/greenpatio.es\/\",\"name\":\"Green Patio\",\"description\":\"Espacios para eventos en Madrid\",\"publisher\":{\"@id\":\"https:\/\/greenpatio.es\/#organization\"},\"alternateName\":\"Green Patio - Espacios para eventos en Madrid\",\"potentialAction\":[{\"@type\":\"SearchAction\",\"target\":{\"@type\":\"EntryPoint\",\"urlTemplate\":\"https:\/\/greenpatio.es\/?s={search_term_string}\"},\"query-input\":{\"@type\":\"PropertyValueSpecification\",\"valueRequired\":true,\"valueName\":\"search_term_string\"}}],\"inLanguage\":\"it-IT\"},{\"@type\":\"Organization\",\"@id\":\"https:\/\/greenpatio.es\/#organization\",\"name\":\"Green Patio\",\"alternateName\":\"Green Patio Espacio para eventos en Madrid\",\"url\":\"https:\/\/greenpatio.es\/\",\"logo\":{\"@type\":\"ImageObject\",\"inLanguage\":\"it-IT\",\"@id\":\"https:\/\/greenpatio.es\/#\/schema\/logo\/image\/\",\"url\":\"https:\/\/greenpatio.es\/wp-content\/uploads\/2024\/12\/logo-reducido-green-patio.png\",\"contentUrl\":\"https:\/\/greenpatio.es\/wp-content\/uploads\/2024\/12\/logo-reducido-green-patio.png\",\"width\":1465,\"height\":1465,\"caption\":\"Green Patio\"},\"image\":{\"@id\":\"https:\/\/greenpatio.es\/#\/schema\/logo\/image\/\"},\"sameAs\":[\"https:\/\/www.instagram.com\/greenpatioevents\/\"]},{\"@type\":\"Person\",\"@id\":\"https:\/\/greenpatio.es\/#\/schema\/person\/85538d898e3b9d8195d05f58aa605b8d\",\"name\":\"admin\",\"image\":{\"@type\":\"ImageObject\",\"inLanguage\":\"it-IT\",\"@id\":\"https:\/\/greenpatio.es\/#\/schema\/person\/image\/\",\"url\":\"https:\/\/secure.gravatar.com\/avatar\/dc343822ff32eded78127b9bc70d7a8bc38956142c75c7731c634a64f56fcafe?s=96&d=mm&r=g\",\"contentUrl\":\"https:\/\/secure.gravatar.com\/avatar\/dc343822ff32eded78127b9bc70d7a8bc38956142c75c7731c634a64f56fcafe?s=96&d=mm&r=g\",\"caption\":\"admin\"},\"sameAs\":[\"https:\/\/greenpatio.es\"]}]}<\/script>\n<!-- \/ Yoast SEO plugin. -->","yoast_head_json":{"title":"Por Qu\u00e9 Madrid es el Destino Ideal para Eventos Corporativos en Europa","description":"Madrid es un punto de conexi\u00f3n ideal para empresas de todo el mundo, descubre las ventajas de realizar tu evento en la capital","robots":{"index":"index","follow":"follow","max-snippet":"max-snippet:-1","max-image-preview":"max-image-preview:large","max-video-preview":"max-video-preview:-1"},"canonical":"https:\/\/greenpatio.es\/it\/por-que-madrid-es-el-destino-ideal-para-eventos-corporativos-en-europa\/","og_locale":"it_IT","og_type":"article","og_title":"Por Qu\u00e9 Madrid es el Destino Ideal para Eventos Corporativos en Europa","og_description":"Madrid es un punto de conexi\u00f3n ideal para empresas de todo el mundo, descubre las ventajas de realizar tu evento en la capital","og_url":"https:\/\/greenpatio.es\/it\/por-que-madrid-es-el-destino-ideal-para-eventos-corporativos-en-europa\/","og_site_name":"Green Patio","article_published_time":"2025-01-21T11:03:12+00:00","article_modified_time":"2025-05-08T11:56:32+00:00","og_image":[{"width":2560,"height":1707,"url":"https:\/\/greenpatio.es\/wp-content\/uploads\/2025\/01\/florian-wehde-WBGjg0DsO_g-unsplash-min-scaled.jpg","type":"image\/jpeg"}],"author":"admin","twitter_card":"summary_large_image","twitter_misc":{"Scritto da":"admin","Tempo di lettura stimato":"4 minuti"},"schema":{"@context":"https:\/\/schema.org","@graph":[{"@type":"Article","@id":"https:\/\/greenpatio.es\/por-que-madrid-es-el-destino-ideal-para-eventos-corporativos-en-europa\/#article","isPartOf":{"@id":"https:\/\/greenpatio.es\/por-que-madrid-es-el-destino-ideal-para-eventos-corporativos-en-europa\/"},"author":{"name":"admin","@id":"https:\/\/greenpatio.es\/#\/schema\/person\/85538d898e3b9d8195d05f58aa605b8d"},"headline":"Por Qu\u00e9 Madrid es el Destino Ideal para Eventos Corporativos en Europa","datePublished":"2025-01-21T11:03:12+00:00","dateModified":"2025-05-08T11:56:32+00:00","mainEntityOfPage":{"@id":"https:\/\/greenpatio.es\/por-que-madrid-es-el-destino-ideal-para-eventos-corporativos-en-europa\/"},"wordCount":708,"publisher":{"@id":"https:\/\/greenpatio.es\/#organization"},"image":{"@id":"https:\/\/greenpatio.es\/por-que-madrid-es-el-destino-ideal-para-eventos-corporativos-en-europa\/#primaryimage"},"thumbnailUrl":"https:\/\/greenpatio.es\/wp-content\/uploads\/2025\/01\/florian-wehde-WBGjg0DsO_g-unsplash-min-scaled.jpg","articleSection":["Descubre Madrid"],"inLanguage":"it-IT"},{"@type":"WebPage","@id":"https:\/\/greenpatio.es\/por-que-madrid-es-el-destino-ideal-para-eventos-corporativos-en-europa\/","url":"https:\/\/greenpatio.es\/por-que-madrid-es-el-destino-ideal-para-eventos-corporativos-en-europa\/","name":"Por Qu\u00e9 Madrid es el Destino Ideal para Eventos Corporativos en Europa","isPartOf":{"@id":"https:\/\/greenpatio.es\/#website"},"primaryImageOfPage":{"@id":"https:\/\/greenpatio.es\/por-que-madrid-es-el-destino-ideal-para-eventos-corporativos-en-europa\/#primaryimage"},"image":{"@id":"https:\/\/greenpatio.es\/por-que-madrid-es-el-destino-ideal-para-eventos-corporativos-en-europa\/#primaryimage"},"thumbnailUrl":"https:\/\/greenpatio.es\/wp-content\/uploads\/2025\/01\/florian-wehde-WBGjg0DsO_g-unsplash-min-scaled.jpg","datePublished":"2025-01-21T11:03:12+00:00","dateModified":"2025-05-08T11:56:32+00:00","description":"Madrid es un punto de conexi\u00f3n ideal para empresas de todo el mundo, descubre las ventajas de realizar tu evento en la capital","breadcrumb":{"@id":"https:\/\/greenpatio.es\/por-que-madrid-es-el-destino-ideal-para-eventos-corporativos-en-europa\/#breadcrumb"},"inLanguage":"it-IT","potentialAction":[{"@type":"ReadAction","target":["https:\/\/greenpatio.es\/por-que-madrid-es-el-destino-ideal-para-eventos-corporativos-en-europa\/"]}]},{"@type":"ImageObject","inLanguage":"it-IT","@id":"https:\/\/greenpatio.es\/por-que-madrid-es-el-destino-ideal-para-eventos-corporativos-en-europa\/#primaryimage","url":"https:\/\/greenpatio.es\/wp-content\/uploads\/2025\/01\/florian-wehde-WBGjg0DsO_g-unsplash-min-scaled.jpg","contentUrl":"https:\/\/greenpatio.es\/wp-content\/uploads\/2025\/01\/florian-wehde-WBGjg0DsO_g-unsplash-min-scaled.jpg","width":2560,"height":1707,"caption":"Ciudad de Madrid"},{"@type":"BreadcrumbList","@id":"https:\/\/greenpatio.es\/por-que-madrid-es-el-destino-ideal-para-eventos-corporativos-en-europa\/#breadcrumb","itemListElement":[{"@type":"ListItem","position":1,"name":"Inicio","item":"https:\/\/greenpatio.es\/"},{"@type":"ListItem","position":2,"name":"Por Qu\u00e9 Madrid es el Destino Ideal para Eventos Corporativos en Europa"}]},{"@type":"WebSite","@id":"https:\/\/greenpatio.es\/#website","url":"https:\/\/greenpatio.es\/","name":"Green Patio","description":"Espacios para eventos en Madrid","publisher":{"@id":"https:\/\/greenpatio.es\/#organization"},"alternateName":"Green Patio - Espacios para eventos en Madrid","potentialAction":[{"@type":"SearchAction","target":{"@type":"EntryPoint","urlTemplate":"https:\/\/greenpatio.es\/?s={search_term_string}"},"query-input":{"@type":"PropertyValueSpecification","valueRequired":true,"valueName":"search_term_string"}}],"inLanguage":"it-IT"},{"@type":"Organization","@id":"https:\/\/greenpatio.es\/#organization","name":"Green Patio","alternateName":"Green Patio Espacio para eventos en Madrid","url":"https:\/\/greenpatio.es\/","logo":{"@type":"ImageObject","inLanguage":"it-IT","@id":"https:\/\/greenpatio.es\/#\/schema\/logo\/image\/","url":"https:\/\/greenpatio.es\/wp-content\/uploads\/2024\/12\/logo-reducido-green-patio.png","contentUrl":"https:\/\/greenpatio.es\/wp-content\/uploads\/2024\/12\/logo-reducido-green-patio.png","width":1465,"height":1465,"caption":"Green Patio"},"image":{"@id":"https:\/\/greenpatio.es\/#\/schema\/logo\/image\/"},"sameAs":["https:\/\/www.instagram.com\/greenpatioevents\/"]},{"@type":"Person","@id":"https:\/\/greenpatio.es\/#\/schema\/person\/85538d898e3b9d8195d05f58aa605b8d","name":"admin","image":{"@type":"ImageObject","inLanguage":"it-IT","@id":"https:\/\/greenpatio.es\/#\/schema\/person\/image\/","url":"https:\/\/secure.gravatar.com\/avatar\/dc343822ff32eded78127b9bc70d7a8bc38956142c75c7731c634a64f56fcafe?s=96&d=mm&r=g","contentUrl":"https:\/\/secure.gravatar.com\/avatar\/dc343822ff32eded78127b9bc70d7a8bc38956142c75c7731c634a64f56fcafe?s=96&d=mm&r=g","caption":"admin"},"sameAs":["https:\/\/greenpatio.es"]}]}},"_links":{"self":[{"href":"https:\/\/greenpatio.es\/it\/wp-json\/wp\/v2\/posts\/149712","targetHints":{"allow":["GET"]}}],"collection":[{"href":"https:\/\/greenpatio.es\/it\/wp-json\/wp\/v2\/posts"}],"about":[{"href":"https:\/\/greenpatio.es\/it\/wp-json\/wp\/v2\/types\/post"}],"author":[{"embeddable":true,"href":"https:\/\/greenpatio.es\/it\/wp-json\/wp\/v2\/users\/1"}],"replies":[{"embeddable":true,"href":"https:\/\/greenpatio.es\/it\/wp-json\/wp\/v2\/comments?post=149712"}],"version-history":[{"count":4,"href":"https:\/\/greenpatio.es\/it\/wp-json\/wp\/v2\/posts\/149712\/revisions"}],"predecessor-version":[{"id":150021,"href":"https:\/\/greenpatio.es\/it\/wp-json\/wp\/v2\/posts\/149712\/revisions\/150021"}],"wp:featuredmedia":[{"embeddable":true,"href":"https:\/\/greenpatio.es\/it\/wp-json\/wp\/v2\/media\/149713"}],"wp:attachment":[{"href":"https:\/\/greenpatio.es\/it\/wp-json\/wp\/v2\/media?parent=149712"}],"wp:term":[{"taxonomy":"category","embeddable":true,"href":"https:\/\/greenpatio.es\/it\/wp-json\/wp\/v2\/categories?post=149712"},{"taxonomy":"post_tag","embeddable":true,"href":"https:\/\/greenpatio.es\/it\/wp-json\/wp\/v2\/tags?post=149712"}],"curies":[{"name":"wp","href":"https:\/\/api.w.org\/{rel}","templated":true}]}}