{"id":150582,"date":"2025-03-04T14:17:50","date_gmt":"2025-03-04T14:17:50","guid":{"rendered":"https:\/\/greenpatio.es\/?p=150582"},"modified":"2025-05-08T11:56:32","modified_gmt":"2025-05-08T11:56:32","slug":"asociacion-venues","status":"publish","type":"post","link":"https:\/\/greenpatio.es\/it\/asociacion-venues\/","title":{"rendered":"VENUES: Associazione per la promozione delle sedi di eventi in Spagna"},"content":{"rendered":"<p>L'industria degli eventi in Spagna continua a evolversi e con essa nuove iniziative per rafforzare il settore. VENUES \u00e8 una nuova associazione che riunisce gi\u00e0 20 strutture leader nel settore MICE, con l'obiettivo di offrire un sigillo di garanzia ed eccellenza alle aziende e agli organizzatori di eventi.<\/p>\n\n\n\n<p>Noi di Green Patio siamo entusiasti di far parte di questa comunit\u00e0, contribuendo con la nostra esperienza e il nostro impegno all'innovazione negli eventi aziendali.<\/p>\n\n\n\n<h2 class=\"wp-block-heading\"><strong>Un nuovo impulso per il settore MICE<\/strong><\/h2>\n\n\n\n<p><\/p>\n\n\n\n<p>La Spagna \u00e8 una destinazione chiave per il settore MICE (Meetings, Incentives, Conferences &amp; Exhibitions), con una costante crescita della domanda di sedi versatili, ben attrezzate e con un elevato standard di servizio.<\/p>\n\n\n\n<p>VENUES nasce come iniziativa per rafforzare il settore e generare una rete di sedi fidate, dove le aziende e gli organizzatori possono trovare sedi che soddisfano i requisiti pi\u00f9 esigenti in termini di infrastrutture, tecnologia, sostenibilit\u00e0 e attenzione personalizzata.<\/p>\n\n\n\n<h3 class=\"wp-block-heading\"><strong>United for Excellence: Rafael Guerrero presidente di VENUES<\/strong><\/h3>\n\n\n\n<p><\/p>\n\n\n\n<p>L'associazione \u00e8 presieduta da Rafael Guerrero, una figura chiave del settore con una visione chiara:<\/p>\n\n\n\n<p>\"VENUES \u00e8 un'iniziativa che mira a rafforzare la professionalizzazione del settore delle sedi in Spagna, generando una rete di fiducia tra le migliori sedi per eventi e facilitando il lavoro degli organizzatori\".<\/p>\n\n\n\n<h3 class=\"wp-block-heading\"><strong>Green Patio e il suo impegno per l'innovazione negli eventi<\/strong><\/h3>\n\n\n\n<p><\/p>\n\n\n\n<p>La missione di Green Patio \u00e8 offrire spazi innovativi e flessibili per eventi aziendali, con un'attenzione particolare alla sostenibilit\u00e0, alla personalizzazione e all'eccellenza del servizio. Far parte di VENUES ci permette di collaborare con altri locali di riferimento e di continuare a guidare l'evoluzione del settore.<\/p>\n\n\n\n<p>Dagli spazi con un'architettura all'avanguardia alle sedi con la pi\u00f9 recente tecnologia ibrida per eventi, questa partnership rende facile per gli organizzatori trovare lo spazio perfetto per ogni occasione.<\/p>\n\n\n\n<h3 class=\"wp-block-heading\"><strong>Perch\u00e9 VENUES \u00e8 vantaggioso per gli organizzatori e le aziende?<\/strong><\/h3>\n\n\n\n<p><\/p>\n\n\n\n<p><strong>\ud83d\udd39 Garanzia di qualit\u00e0 e di servizio in tutte le aree dei membri.<\/strong><strong><br><\/strong><strong>Rete di locali di primo piano a Madrid e in altre citt\u00e0 della Spagna.<\/strong><strong><br><\/strong><strong>\ud83d\udd39 Facile trovare lo spazio ideale in base al tipo di evento.<\/strong><strong><br><\/strong><strong>\ud83d\udd39 Collaborazione e networking tra le migliori sedi del Paese.<\/strong><\/p>\n\n\n\n<h3 class=\"wp-block-heading\"><strong>Il futuro degli eventi in Spagna<\/strong><\/h3>\n\n\n\n<p><\/p>\n\n\n\n<p>Con VENUES, il settore degli eventi aziendali in Spagna fa un passo avanti, promuovendo l'eccellenza e rendendo pi\u00f9 facile per le aziende trovare sedi che soddisfino gli standard pi\u00f9 elevati.<\/p>\n\n\n\n<p><strong>\ud83d\udca1 Se siete alla ricerca di uno spazio per il vostro prossimo evento, date un'occhiata alle sedi dell'associazione e scoprite un nuovo livello di qualit\u00e0 e professionalit\u00e0.<\/strong><\/p>","protected":false},"excerpt":{"rendered":"<p>La industria de los eventos&#8230;<\/p>","protected":false},"author":1,"featured_media":150583,"comment_status":"closed","ping_status":"open","sticky":false,"template":"","format":"standard","meta":{"_monsterinsights_skip_tracking":false,"_monsterinsights_sitenote_active":false,"_monsterinsights_sitenote_note":"","_monsterinsights_sitenote_category":0,"footnotes":""},"categories":[172],"tags":[],"class_list":["post-150582","post","type-post","status-publish","format-standard","has-post-thumbnail","hentry","category-eventos"],"yoast_head":"<!-- This site is optimized with the Yoast SEO plugin v24.0 - https:\/\/yoast.com\/wordpress\/plugins\/seo\/ -->\n<title>VENUES: La Asociaci\u00f3n que Impulsa los Espacios para Eventos en Espa\u00f1a<\/title>\n<meta name=\"description\" content=\"Nace VENUES, la nueva asociaci\u00f3n de espacios para eventos profesionales y MICE en Espa\u00f1a, estamos orgullosos de formar parte de este proyecto que re\u00fane ya a 20 venues comprometidos con la excelencia, la calidad y el mejor servicio.\" \/>\n<meta name=\"robots\" content=\"index, follow, max-snippet:-1, max-image-preview:large, max-video-preview:-1\" \/>\n<link rel=\"canonical\" href=\"https:\/\/greenpatio.es\/it\/asociacion-venues\/\" \/>\n<meta property=\"og:locale\" content=\"it_IT\" \/>\n<meta property=\"og:type\" content=\"article\" \/>\n<meta property=\"og:title\" content=\"VENUES: La Asociaci\u00f3n que Impulsa los Espacios para Eventos en Espa\u00f1a\" \/>\n<meta property=\"og:description\" content=\"Nace VENUES, la nueva asociaci\u00f3n de espacios para eventos profesionales y MICE en Espa\u00f1a, estamos orgullosos de formar parte de este proyecto que re\u00fane ya a 20 venues comprometidos con la excelencia, la calidad y el mejor servicio.\" \/>\n<meta property=\"og:url\" content=\"https:\/\/greenpatio.es\/it\/asociacion-venues\/\" \/>\n<meta property=\"og:site_name\" content=\"Green Patio\" \/>\n<meta property=\"article:published_time\" content=\"2025-03-04T14:17:50+00:00\" \/>\n<meta property=\"article:modified_time\" content=\"2025-05-08T11:56:32+00:00\" \/>\n<meta property=\"og:image\" content=\"https:\/\/greenpatio.es\/wp-content\/uploads\/2025\/03\/1.jpeg\" \/>\n\t<meta property=\"og:image:width\" content=\"2048\" \/>\n\t<meta property=\"og:image:height\" content=\"1153\" \/>\n\t<meta property=\"og:image:type\" content=\"image\/jpeg\" \/>\n<meta name=\"author\" content=\"admin\" \/>\n<meta name=\"twitter:card\" content=\"summary_large_image\" \/>\n<meta name=\"twitter:label1\" content=\"Scritto da\" \/>\n\t<meta name=\"twitter:data1\" content=\"admin\" \/>\n\t<meta name=\"twitter:label2\" content=\"Tempo di lettura stimato\" \/>\n\t<meta name=\"twitter:data2\" content=\"3 minuti\" \/>\n<script type=\"application\/ld+json\" class=\"yoast-schema-graph\">{\"@context\":\"https:\/\/schema.org\",\"@graph\":[{\"@type\":\"Article\",\"@id\":\"https:\/\/greenpatio.es\/asociacion-venues\/#article\",\"isPartOf\":{\"@id\":\"https:\/\/greenpatio.es\/asociacion-venues\/\"},\"author\":{\"name\":\"admin\",\"@id\":\"https:\/\/greenpatio.es\/#\/schema\/person\/85538d898e3b9d8195d05f58aa605b8d\"},\"headline\":\"VENUES: La Asociaci\u00f3n que Impulsa los Espacios para Eventos en Espa\u00f1a\",\"datePublished\":\"2025-03-04T14:17:50+00:00\",\"dateModified\":\"2025-05-08T11:56:32+00:00\",\"mainEntityOfPage\":{\"@id\":\"https:\/\/greenpatio.es\/asociacion-venues\/\"},\"wordCount\":459,\"publisher\":{\"@id\":\"https:\/\/greenpatio.es\/#organization\"},\"image\":{\"@id\":\"https:\/\/greenpatio.es\/asociacion-venues\/#primaryimage\"},\"thumbnailUrl\":\"https:\/\/greenpatio.es\/wp-content\/uploads\/2025\/03\/1.jpeg\",\"articleSection\":[\"Eventos\"],\"inLanguage\":\"it-IT\"},{\"@type\":\"WebPage\",\"@id\":\"https:\/\/greenpatio.es\/asociacion-venues\/\",\"url\":\"https:\/\/greenpatio.es\/asociacion-venues\/\",\"name\":\"VENUES: La Asociaci\u00f3n que Impulsa los Espacios para Eventos en Espa\u00f1a\",\"isPartOf\":{\"@id\":\"https:\/\/greenpatio.es\/#website\"},\"primaryImageOfPage\":{\"@id\":\"https:\/\/greenpatio.es\/asociacion-venues\/#primaryimage\"},\"image\":{\"@id\":\"https:\/\/greenpatio.es\/asociacion-venues\/#primaryimage\"},\"thumbnailUrl\":\"https:\/\/greenpatio.es\/wp-content\/uploads\/2025\/03\/1.jpeg\",\"datePublished\":\"2025-03-04T14:17:50+00:00\",\"dateModified\":\"2025-05-08T11:56:32+00:00\",\"description\":\"Nace VENUES, la nueva asociaci\u00f3n de espacios para eventos profesionales y MICE en Espa\u00f1a, estamos orgullosos de formar parte de este proyecto que re\u00fane ya a 20 venues comprometidos con la excelencia, la calidad y el mejor servicio.\",\"breadcrumb\":{\"@id\":\"https:\/\/greenpatio.es\/asociacion-venues\/#breadcrumb\"},\"inLanguage\":\"it-IT\",\"potentialAction\":[{\"@type\":\"ReadAction\",\"target\":[\"https:\/\/greenpatio.es\/asociacion-venues\/\"]}]},{\"@type\":\"ImageObject\",\"inLanguage\":\"it-IT\",\"@id\":\"https:\/\/greenpatio.es\/asociacion-venues\/#primaryimage\",\"url\":\"https:\/\/greenpatio.es\/wp-content\/uploads\/2025\/03\/1.jpeg\",\"contentUrl\":\"https:\/\/greenpatio.es\/wp-content\/uploads\/2025\/03\/1.jpeg\",\"width\":2048,\"height\":1153,\"caption\":\"reunion venues evento\"},{\"@type\":\"BreadcrumbList\",\"@id\":\"https:\/\/greenpatio.es\/asociacion-venues\/#breadcrumb\",\"itemListElement\":[{\"@type\":\"ListItem\",\"position\":1,\"name\":\"Inicio\",\"item\":\"https:\/\/greenpatio.es\/\"},{\"@type\":\"ListItem\",\"position\":2,\"name\":\"VENUES: La Asociaci\u00f3n que Impulsa los Espacios para Eventos en Espa\u00f1a\"}]},{\"@type\":\"WebSite\",\"@id\":\"https:\/\/greenpatio.es\/#website\",\"url\":\"https:\/\/greenpatio.es\/\",\"name\":\"Green Patio\",\"description\":\"Espacios para eventos en Madrid\",\"publisher\":{\"@id\":\"https:\/\/greenpatio.es\/#organization\"},\"alternateName\":\"Green Patio - Espacios para eventos en Madrid\",\"potentialAction\":[{\"@type\":\"SearchAction\",\"target\":{\"@type\":\"EntryPoint\",\"urlTemplate\":\"https:\/\/greenpatio.es\/?s={search_term_string}\"},\"query-input\":{\"@type\":\"PropertyValueSpecification\",\"valueRequired\":true,\"valueName\":\"search_term_string\"}}],\"inLanguage\":\"it-IT\"},{\"@type\":\"Organization\",\"@id\":\"https:\/\/greenpatio.es\/#organization\",\"name\":\"Green Patio\",\"alternateName\":\"Green Patio Espacio para eventos en Madrid\",\"url\":\"https:\/\/greenpatio.es\/\",\"logo\":{\"@type\":\"ImageObject\",\"inLanguage\":\"it-IT\",\"@id\":\"https:\/\/greenpatio.es\/#\/schema\/logo\/image\/\",\"url\":\"https:\/\/greenpatio.es\/wp-content\/uploads\/2024\/12\/logo-reducido-green-patio.png\",\"contentUrl\":\"https:\/\/greenpatio.es\/wp-content\/uploads\/2024\/12\/logo-reducido-green-patio.png\",\"width\":1465,\"height\":1465,\"caption\":\"Green Patio\"},\"image\":{\"@id\":\"https:\/\/greenpatio.es\/#\/schema\/logo\/image\/\"},\"sameAs\":[\"https:\/\/www.instagram.com\/greenpatioevents\/\"]},{\"@type\":\"Person\",\"@id\":\"https:\/\/greenpatio.es\/#\/schema\/person\/85538d898e3b9d8195d05f58aa605b8d\",\"name\":\"admin\",\"image\":{\"@type\":\"ImageObject\",\"inLanguage\":\"it-IT\",\"@id\":\"https:\/\/greenpatio.es\/#\/schema\/person\/image\/\",\"url\":\"https:\/\/secure.gravatar.com\/avatar\/dc343822ff32eded78127b9bc70d7a8bc38956142c75c7731c634a64f56fcafe?s=96&d=mm&r=g\",\"contentUrl\":\"https:\/\/secure.gravatar.com\/avatar\/dc343822ff32eded78127b9bc70d7a8bc38956142c75c7731c634a64f56fcafe?s=96&d=mm&r=g\",\"caption\":\"admin\"},\"sameAs\":[\"https:\/\/greenpatio.es\"]}]}<\/script>\n<!-- \/ Yoast SEO plugin. -->","yoast_head_json":{"title":"VENUES: La Asociaci\u00f3n que Impulsa los Espacios para Eventos en Espa\u00f1a","description":"Nace VENUES, la nueva asociaci\u00f3n de espacios para eventos profesionales y MICE en Espa\u00f1a, estamos orgullosos de formar parte de este proyecto que re\u00fane ya a 20 venues comprometidos con la excelencia, la calidad y el mejor servicio.","robots":{"index":"index","follow":"follow","max-snippet":"max-snippet:-1","max-image-preview":"max-image-preview:large","max-video-preview":"max-video-preview:-1"},"canonical":"https:\/\/greenpatio.es\/it\/asociacion-venues\/","og_locale":"it_IT","og_type":"article","og_title":"VENUES: La Asociaci\u00f3n que Impulsa los Espacios para Eventos en Espa\u00f1a","og_description":"Nace VENUES, la nueva asociaci\u00f3n de espacios para eventos profesionales y MICE en Espa\u00f1a, estamos orgullosos de formar parte de este proyecto que re\u00fane ya a 20 venues comprometidos con la excelencia, la calidad y el mejor servicio.","og_url":"https:\/\/greenpatio.es\/it\/asociacion-venues\/","og_site_name":"Green Patio","article_published_time":"2025-03-04T14:17:50+00:00","article_modified_time":"2025-05-08T11:56:32+00:00","og_image":[{"width":2048,"height":1153,"url":"https:\/\/greenpatio.es\/wp-content\/uploads\/2025\/03\/1.jpeg","type":"image\/jpeg"}],"author":"admin","twitter_card":"summary_large_image","twitter_misc":{"Scritto da":"admin","Tempo di lettura stimato":"3 minuti"},"schema":{"@context":"https:\/\/schema.org","@graph":[{"@type":"Article","@id":"https:\/\/greenpatio.es\/asociacion-venues\/#article","isPartOf":{"@id":"https:\/\/greenpatio.es\/asociacion-venues\/"},"author":{"name":"admin","@id":"https:\/\/greenpatio.es\/#\/schema\/person\/85538d898e3b9d8195d05f58aa605b8d"},"headline":"VENUES: La Asociaci\u00f3n que Impulsa los Espacios para Eventos en Espa\u00f1a","datePublished":"2025-03-04T14:17:50+00:00","dateModified":"2025-05-08T11:56:32+00:00","mainEntityOfPage":{"@id":"https:\/\/greenpatio.es\/asociacion-venues\/"},"wordCount":459,"publisher":{"@id":"https:\/\/greenpatio.es\/#organization"},"image":{"@id":"https:\/\/greenpatio.es\/asociacion-venues\/#primaryimage"},"thumbnailUrl":"https:\/\/greenpatio.es\/wp-content\/uploads\/2025\/03\/1.jpeg","articleSection":["Eventos"],"inLanguage":"it-IT"},{"@type":"WebPage","@id":"https:\/\/greenpatio.es\/asociacion-venues\/","url":"https:\/\/greenpatio.es\/asociacion-venues\/","name":"VENUES: La Asociaci\u00f3n que Impulsa los Espacios para Eventos en Espa\u00f1a","isPartOf":{"@id":"https:\/\/greenpatio.es\/#website"},"primaryImageOfPage":{"@id":"https:\/\/greenpatio.es\/asociacion-venues\/#primaryimage"},"image":{"@id":"https:\/\/greenpatio.es\/asociacion-venues\/#primaryimage"},"thumbnailUrl":"https:\/\/greenpatio.es\/wp-content\/uploads\/2025\/03\/1.jpeg","datePublished":"2025-03-04T14:17:50+00:00","dateModified":"2025-05-08T11:56:32+00:00","description":"Nace VENUES, la nueva asociaci\u00f3n de espacios para eventos profesionales y MICE en Espa\u00f1a, estamos orgullosos de formar parte de este proyecto que re\u00fane ya a 20 venues comprometidos con la excelencia, la calidad y el mejor servicio.","breadcrumb":{"@id":"https:\/\/greenpatio.es\/asociacion-venues\/#breadcrumb"},"inLanguage":"it-IT","potentialAction":[{"@type":"ReadAction","target":["https:\/\/greenpatio.es\/asociacion-venues\/"]}]},{"@type":"ImageObject","inLanguage":"it-IT","@id":"https:\/\/greenpatio.es\/asociacion-venues\/#primaryimage","url":"https:\/\/greenpatio.es\/wp-content\/uploads\/2025\/03\/1.jpeg","contentUrl":"https:\/\/greenpatio.es\/wp-content\/uploads\/2025\/03\/1.jpeg","width":2048,"height":1153,"caption":"reunion venues evento"},{"@type":"BreadcrumbList","@id":"https:\/\/greenpatio.es\/asociacion-venues\/#breadcrumb","itemListElement":[{"@type":"ListItem","position":1,"name":"Inicio","item":"https:\/\/greenpatio.es\/"},{"@type":"ListItem","position":2,"name":"VENUES: La Asociaci\u00f3n que Impulsa los Espacios para Eventos en Espa\u00f1a"}]},{"@type":"WebSite","@id":"https:\/\/greenpatio.es\/#website","url":"https:\/\/greenpatio.es\/","name":"Green Patio","description":"Espacios para eventos en Madrid","publisher":{"@id":"https:\/\/greenpatio.es\/#organization"},"alternateName":"Green Patio - Espacios para eventos en Madrid","potentialAction":[{"@type":"SearchAction","target":{"@type":"EntryPoint","urlTemplate":"https:\/\/greenpatio.es\/?s={search_term_string}"},"query-input":{"@type":"PropertyValueSpecification","valueRequired":true,"valueName":"search_term_string"}}],"inLanguage":"it-IT"},{"@type":"Organization","@id":"https:\/\/greenpatio.es\/#organization","name":"Green Patio","alternateName":"Green Patio Espacio para eventos en Madrid","url":"https:\/\/greenpatio.es\/","logo":{"@type":"ImageObject","inLanguage":"it-IT","@id":"https:\/\/greenpatio.es\/#\/schema\/logo\/image\/","url":"https:\/\/greenpatio.es\/wp-content\/uploads\/2024\/12\/logo-reducido-green-patio.png","contentUrl":"https:\/\/greenpatio.es\/wp-content\/uploads\/2024\/12\/logo-reducido-green-patio.png","width":1465,"height":1465,"caption":"Green Patio"},"image":{"@id":"https:\/\/greenpatio.es\/#\/schema\/logo\/image\/"},"sameAs":["https:\/\/www.instagram.com\/greenpatioevents\/"]},{"@type":"Person","@id":"https:\/\/greenpatio.es\/#\/schema\/person\/85538d898e3b9d8195d05f58aa605b8d","name":"admin","image":{"@type":"ImageObject","inLanguage":"it-IT","@id":"https:\/\/greenpatio.es\/#\/schema\/person\/image\/","url":"https:\/\/secure.gravatar.com\/avatar\/dc343822ff32eded78127b9bc70d7a8bc38956142c75c7731c634a64f56fcafe?s=96&d=mm&r=g","contentUrl":"https:\/\/secure.gravatar.com\/avatar\/dc343822ff32eded78127b9bc70d7a8bc38956142c75c7731c634a64f56fcafe?s=96&d=mm&r=g","caption":"admin"},"sameAs":["https:\/\/greenpatio.es"]}]}},"_links":{"self":[{"href":"https:\/\/greenpatio.es\/it\/wp-json\/wp\/v2\/posts\/150582","targetHints":{"allow":["GET"]}}],"collection":[{"href":"https:\/\/greenpatio.es\/it\/wp-json\/wp\/v2\/posts"}],"about":[{"href":"https:\/\/greenpatio.es\/it\/wp-json\/wp\/v2\/types\/post"}],"author":[{"embeddable":true,"href":"https:\/\/greenpatio.es\/it\/wp-json\/wp\/v2\/users\/1"}],"replies":[{"embeddable":true,"href":"https:\/\/greenpatio.es\/it\/wp-json\/wp\/v2\/comments?post=150582"}],"version-history":[{"count":2,"href":"https:\/\/greenpatio.es\/it\/wp-json\/wp\/v2\/posts\/150582\/revisions"}],"predecessor-version":[{"id":150585,"href":"https:\/\/greenpatio.es\/it\/wp-json\/wp\/v2\/posts\/150582\/revisions\/150585"}],"wp:featuredmedia":[{"embeddable":true,"href":"https:\/\/greenpatio.es\/it\/wp-json\/wp\/v2\/media\/150583"}],"wp:attachment":[{"href":"https:\/\/greenpatio.es\/it\/wp-json\/wp\/v2\/media?parent=150582"}],"wp:term":[{"taxonomy":"category","embeddable":true,"href":"https:\/\/greenpatio.es\/it\/wp-json\/wp\/v2\/categories?post=150582"},{"taxonomy":"post_tag","embeddable":true,"href":"https:\/\/greenpatio.es\/it\/wp-json\/wp\/v2\/tags?post=150582"}],"curies":[{"name":"wp","href":"https:\/\/api.w.org\/{rel}","templated":true}]}}