{"id":149712,"date":"2025-01-21T11:03:12","date_gmt":"2025-01-21T11:03:12","guid":{"rendered":"https:\/\/greenpatio.es\/?p=149712"},"modified":"2025-05-08T11:56:32","modified_gmt":"2025-05-08T11:56:32","slug":"por-que-madrid-es-el-destino-ideal-para-eventos-corporativos-en-europa","status":"publish","type":"post","link":"https:\/\/greenpatio.es\/pt\/por-que-madrid-es-el-destino-ideal-para-eventos-corporativos-en-europa\/","title":{"rendered":"Porque \u00e9 que Madrid \u00e9 o destino ideal para eventos empresariais na Europa"},"content":{"rendered":"<p>Madrid, a vibrante capital espanhola, n\u00e3o \u00e9 apenas um destino tur\u00edstico excecional, mas tamb\u00e9m um dos principais centros empresariais e culturais da Europa, e foi mais uma vez escolhida como o melhor destino para eventos empresariais, uma vez que a sua combina\u00e7\u00e3o de hist\u00f3ria, modernidade e infra-estruturas de primeira classe a tornam um local privilegiado para a organiza\u00e7\u00e3o de eventos empresariais. <strong>eventos empresariais internacionais<\/strong>.<\/p>\n\n\n\n<p><\/p>\n\n\n\n<p>Os pr\u00e9mios mais prestigiados do sector, os World Travel Awards, reconheceram Madrid em 2024 como o principal destino mundial para o turismo de reuni\u00f5es e congressos, pela sexta vez consecutiva e superando destinos como Singapura, Paris, Las Vegas, Sydney e Dubai; \u00e9 a sexta vez que ganha este pr\u00e9mio votado por todo o sector MICE a n\u00edvel mundial.<\/p>\n\n\n\n<p><\/p>\n\n\n\n<p>Por isso, se est\u00e1 \u00e0 procura de <strong>os melhores locais em Madrid<\/strong> o <strong>espa\u00e7os \u00fanicos para eventos<\/strong>Eis porque \u00e9 que esta cidade deve estar no topo da sua lista.<\/p>\n\n\n\n<hr class=\"wp-block-separator has-alpha-channel-opacity\"\/>\n\n\n\n<h2 class=\"wp-block-heading\"><strong>Madrid como centro empresarial e cultural da Europa<\/strong><\/h2>\n\n\n\n<p>Situada no cora\u00e7\u00e3o da Pen\u00ednsula Ib\u00e9rica, Madrid \u00e9 uma plataforma ideal para empresas de todo o mundo. O seu aeroporto, Adolfo Su\u00e1rez Madrid-Barajas, \u00e9 um dos mais movimentados da Europa, oferecendo voos diretos para mais de 200 destinos internacionais.<\/p>\n\n\n\n<p>Al\u00e9m disso, Madrid \u00e9 conhecida pela sua oferta cultural inigual\u00e1vel. A cidade alberga museus ic\u00f3nicos, como o <a href=\"https:\/\/www.museodelprado.es\/\">Prado<\/a> e o <a href=\"https:\/\/www.museoreinasofia.es\/\">Rainha Sofia<\/a>A gastronomia e a vida nocturna de renome da cidade complementam na perfei\u00e7\u00e3o qualquer agenda de neg\u00f3cios. Esta combina\u00e7\u00e3o de neg\u00f3cios e prazer torna a experi\u00eancia enriquecedora para os participantes em eventos empresariais, tanto a n\u00edvel profissional como pessoal.<\/p>\n\n\n\n<hr class=\"wp-block-separator has-alpha-channel-opacity\"\/>\n\n\n\n<h2 class=\"wp-block-heading\"><strong>Localiza\u00e7\u00e3o estrat\u00e9gica e servi\u00e7os do Green Patio<\/strong><\/h2>\n\n\n\n<p>Quando se trata de <strong>locais para eventos internacionais em Madrid<\/strong>O Green Patio \u00e9 uma das op\u00e7\u00f5es mais destacadas. Localizado no distrito financeiro, o Green Patio oferece uma localiza\u00e7\u00e3o estrat\u00e9gica e uma infraestrutura moderna que pode acomodar eventos de qualquer dimens\u00e3o.<\/p>\n\n\n\n<p>O que torna o Green Patio especial?<\/p>\n\n\n\n<ul class=\"wp-block-list\">\n<li><strong>Design inovador:<\/strong> O Green Patio combina hist\u00f3ria e sustentabilidade em todos os pormenores e \u00e9 uma refer\u00eancia para a arquitetura e o design modernos na Europa.<\/li>\n\n\n\n<li><strong>Espa\u00e7os vers\u00e1teis:<\/strong> Desde reuni\u00f5es exclusivas a grandes galas empresariais, as nossas salas s\u00e3o concebidas para se transformarem de acordo com as necessidades de cada cliente.<\/li>\n\n\n\n<li><strong>Compromisso com a sustentabilidade:<\/strong> Remodel\u00e1mos um edif\u00edcio hist\u00f3rico e transform\u00e1mo-lo num local sustent\u00e1vel, com sistemas de ilumina\u00e7\u00e3o LED, ventila\u00e7\u00e3o natural e materiais amigos do ambiente.<\/li>\n<\/ul>\n\n\n\n<p>A nossa localiza\u00e7\u00e3o privilegiada, juntamente com servi\u00e7os de alta qualidade, posiciona-nos como um dos melhores do mundo. <strong>os melhores locais para empresas na Europa<\/strong>.<\/p>\n\n\n\n<hr class=\"wp-block-separator has-alpha-channel-opacity\"\/>\n\n\n\n<h2 class=\"wp-block-heading\"><strong>Porque \u00e9 que as empresas internacionais nos escolhem para os seus eventos<\/strong><\/h2>\n\n\n\n<p>Todos os anos, Madrid acolhe eventos para empresas globais que procuram um ambiente \u00fanico e profissional. Estas s\u00e3o algumas das raz\u00f5es pelas quais as empresas internacionais escolhem o Green Patio:<\/p>\n\n\n\n<ol class=\"wp-block-list\">\n<li><strong>Acessibilidade internacional:<\/strong> Com uma excelente rede de transportes, Madrid garante que os participantes possam chegar facilmente de qualquer parte do mundo.<\/li>\n\n\n\n<li><strong>Espa\u00e7os concebidos para causar impacto:<\/strong> No Green Patio, as empresas encontram <strong>espa\u00e7os \u00fanicos para eventos<\/strong> que se destacam pela sua est\u00e9tica e funcionalidade, desde a <a href=\"https:\/\/greenpatio.es\/pt\/sala-de-cristal\/\">Sala de Cristal <\/a>banhado por luz natural at\u00e9 ao terra\u00e7o, ideal para afterworks e cocktails ao ar livre.<\/li>\n\n\n\n<li><strong>Aten\u00e7\u00e3o personalizada:<\/strong> Oferecemos um servi\u00e7o completo, desde o planeamento \u00e0 execu\u00e7\u00e3o, garantindo que todos os pormenores s\u00e3o tratados.<\/li>\n\n\n\n<li><strong>Cultura e entretenimento:<\/strong> Madrid oferece in\u00fameras possibilidades para complementar qualquer evento, desde visitas culturais a experi\u00eancias gastron\u00f3micas exclusivas.<\/li>\n<\/ol>\n\n\n\n<hr class=\"wp-block-separator has-alpha-channel-opacity\"\/>\n\n\n\n<h2 class=\"wp-block-heading\"><strong>Organize o seu evento no Green Patio e surpreenda os seus participantes<\/strong><\/h2>\n\n\n\n<p>Se est\u00e1 a planear um evento empresarial e procura um espa\u00e7o que combine design, sustentabilidade e uma localiza\u00e7\u00e3o estrat\u00e9gica, o Green Patio \u00e9 a sua melhor op\u00e7\u00e3o. Saiba porque \u00e9 que somos um dos <strong>locais para eventos internacionais em Madrid<\/strong> Madrid espera-o, e na Green Patio estamos prontos para transformar as suas ideias em realidade. <strong>Contacte-nos hoje e garanta o seu lugar num dos melhores espa\u00e7os para empresas da Europa.<\/strong><\/p>\n\n\n\n<p><\/p>","protected":false},"excerpt":{"rendered":"<p>Madrid, la vibrante capital de&#8230;<\/p>","protected":false},"author":1,"featured_media":149713,"comment_status":"closed","ping_status":"open","sticky":false,"template":"","format":"standard","meta":{"_monsterinsights_skip_tracking":false,"_monsterinsights_sitenote_active":false,"_monsterinsights_sitenote_note":"","_monsterinsights_sitenote_category":0,"footnotes":""},"categories":[173],"tags":[],"class_list":["post-149712","post","type-post","status-publish","format-standard","has-post-thumbnail","hentry","category-descubre-madrid"],"yoast_head":"<!-- This site is optimized with the Yoast SEO plugin v24.0 - https:\/\/yoast.com\/wordpress\/plugins\/seo\/ -->\n<title>Por Qu\u00e9 Madrid es el Destino Ideal para Eventos Corporativos en Europa<\/title>\n<meta name=\"description\" content=\"Madrid es un punto de conexi\u00f3n ideal para empresas de todo el mundo, descubre las ventajas de realizar tu evento en la capital\" \/>\n<meta name=\"robots\" content=\"index, follow, max-snippet:-1, max-image-preview:large, max-video-preview:-1\" \/>\n<link rel=\"canonical\" href=\"https:\/\/greenpatio.es\/pt\/por-que-madrid-es-el-destino-ideal-para-eventos-corporativos-en-europa\/\" \/>\n<meta property=\"og:locale\" content=\"pt_PT\" \/>\n<meta property=\"og:type\" content=\"article\" \/>\n<meta property=\"og:title\" content=\"Por Qu\u00e9 Madrid es el Destino Ideal para Eventos Corporativos en Europa\" \/>\n<meta property=\"og:description\" content=\"Madrid es un punto de conexi\u00f3n ideal para empresas de todo el mundo, descubre las ventajas de realizar tu evento en la capital\" \/>\n<meta property=\"og:url\" content=\"https:\/\/greenpatio.es\/pt\/por-que-madrid-es-el-destino-ideal-para-eventos-corporativos-en-europa\/\" \/>\n<meta property=\"og:site_name\" content=\"Green Patio\" \/>\n<meta property=\"article:published_time\" content=\"2025-01-21T11:03:12+00:00\" \/>\n<meta property=\"article:modified_time\" content=\"2025-05-08T11:56:32+00:00\" \/>\n<meta property=\"og:image\" content=\"https:\/\/greenpatio.es\/wp-content\/uploads\/2025\/01\/florian-wehde-WBGjg0DsO_g-unsplash-min-scaled.jpg\" \/>\n\t<meta property=\"og:image:width\" content=\"2560\" \/>\n\t<meta property=\"og:image:height\" content=\"1707\" \/>\n\t<meta property=\"og:image:type\" content=\"image\/jpeg\" \/>\n<meta name=\"author\" content=\"admin\" \/>\n<meta name=\"twitter:card\" content=\"summary_large_image\" \/>\n<meta name=\"twitter:label1\" content=\"Escrito por\" \/>\n\t<meta name=\"twitter:data1\" content=\"admin\" \/>\n\t<meta name=\"twitter:label2\" content=\"Tempo estimado de leitura\" \/>\n\t<meta name=\"twitter:data2\" content=\"4 minutos\" \/>\n<script type=\"application\/ld+json\" class=\"yoast-schema-graph\">{\"@context\":\"https:\/\/schema.org\",\"@graph\":[{\"@type\":\"Article\",\"@id\":\"https:\/\/greenpatio.es\/por-que-madrid-es-el-destino-ideal-para-eventos-corporativos-en-europa\/#article\",\"isPartOf\":{\"@id\":\"https:\/\/greenpatio.es\/por-que-madrid-es-el-destino-ideal-para-eventos-corporativos-en-europa\/\"},\"author\":{\"name\":\"admin\",\"@id\":\"https:\/\/greenpatio.es\/#\/schema\/person\/85538d898e3b9d8195d05f58aa605b8d\"},\"headline\":\"Por Qu\u00e9 Madrid es el Destino Ideal para Eventos Corporativos en Europa\",\"datePublished\":\"2025-01-21T11:03:12+00:00\",\"dateModified\":\"2025-05-08T11:56:32+00:00\",\"mainEntityOfPage\":{\"@id\":\"https:\/\/greenpatio.es\/por-que-madrid-es-el-destino-ideal-para-eventos-corporativos-en-europa\/\"},\"wordCount\":708,\"publisher\":{\"@id\":\"https:\/\/greenpatio.es\/#organization\"},\"image\":{\"@id\":\"https:\/\/greenpatio.es\/por-que-madrid-es-el-destino-ideal-para-eventos-corporativos-en-europa\/#primaryimage\"},\"thumbnailUrl\":\"https:\/\/greenpatio.es\/wp-content\/uploads\/2025\/01\/florian-wehde-WBGjg0DsO_g-unsplash-min-scaled.jpg\",\"articleSection\":[\"Descubre Madrid\"],\"inLanguage\":\"pt-PT\"},{\"@type\":\"WebPage\",\"@id\":\"https:\/\/greenpatio.es\/por-que-madrid-es-el-destino-ideal-para-eventos-corporativos-en-europa\/\",\"url\":\"https:\/\/greenpatio.es\/por-que-madrid-es-el-destino-ideal-para-eventos-corporativos-en-europa\/\",\"name\":\"Por Qu\u00e9 Madrid es el Destino Ideal para Eventos Corporativos en Europa\",\"isPartOf\":{\"@id\":\"https:\/\/greenpatio.es\/#website\"},\"primaryImageOfPage\":{\"@id\":\"https:\/\/greenpatio.es\/por-que-madrid-es-el-destino-ideal-para-eventos-corporativos-en-europa\/#primaryimage\"},\"image\":{\"@id\":\"https:\/\/greenpatio.es\/por-que-madrid-es-el-destino-ideal-para-eventos-corporativos-en-europa\/#primaryimage\"},\"thumbnailUrl\":\"https:\/\/greenpatio.es\/wp-content\/uploads\/2025\/01\/florian-wehde-WBGjg0DsO_g-unsplash-min-scaled.jpg\",\"datePublished\":\"2025-01-21T11:03:12+00:00\",\"dateModified\":\"2025-05-08T11:56:32+00:00\",\"description\":\"Madrid es un punto de conexi\u00f3n ideal para empresas de todo el mundo, descubre las ventajas de realizar tu evento en la capital\",\"breadcrumb\":{\"@id\":\"https:\/\/greenpatio.es\/por-que-madrid-es-el-destino-ideal-para-eventos-corporativos-en-europa\/#breadcrumb\"},\"inLanguage\":\"pt-PT\",\"potentialAction\":[{\"@type\":\"ReadAction\",\"target\":[\"https:\/\/greenpatio.es\/por-que-madrid-es-el-destino-ideal-para-eventos-corporativos-en-europa\/\"]}]},{\"@type\":\"ImageObject\",\"inLanguage\":\"pt-PT\",\"@id\":\"https:\/\/greenpatio.es\/por-que-madrid-es-el-destino-ideal-para-eventos-corporativos-en-europa\/#primaryimage\",\"url\":\"https:\/\/greenpatio.es\/wp-content\/uploads\/2025\/01\/florian-wehde-WBGjg0DsO_g-unsplash-min-scaled.jpg\",\"contentUrl\":\"https:\/\/greenpatio.es\/wp-content\/uploads\/2025\/01\/florian-wehde-WBGjg0DsO_g-unsplash-min-scaled.jpg\",\"width\":2560,\"height\":1707,\"caption\":\"Ciudad de Madrid\"},{\"@type\":\"BreadcrumbList\",\"@id\":\"https:\/\/greenpatio.es\/por-que-madrid-es-el-destino-ideal-para-eventos-corporativos-en-europa\/#breadcrumb\",\"itemListElement\":[{\"@type\":\"ListItem\",\"position\":1,\"name\":\"Inicio\",\"item\":\"https:\/\/greenpatio.es\/\"},{\"@type\":\"ListItem\",\"position\":2,\"name\":\"Por Qu\u00e9 Madrid es el Destino Ideal para Eventos Corporativos en Europa\"}]},{\"@type\":\"WebSite\",\"@id\":\"https:\/\/greenpatio.es\/#website\",\"url\":\"https:\/\/greenpatio.es\/\",\"name\":\"Green Patio\",\"description\":\"Espacios para eventos en Madrid\",\"publisher\":{\"@id\":\"https:\/\/greenpatio.es\/#organization\"},\"alternateName\":\"Green Patio - Espacios para eventos en Madrid\",\"potentialAction\":[{\"@type\":\"SearchAction\",\"target\":{\"@type\":\"EntryPoint\",\"urlTemplate\":\"https:\/\/greenpatio.es\/?s={search_term_string}\"},\"query-input\":{\"@type\":\"PropertyValueSpecification\",\"valueRequired\":true,\"valueName\":\"search_term_string\"}}],\"inLanguage\":\"pt-PT\"},{\"@type\":\"Organization\",\"@id\":\"https:\/\/greenpatio.es\/#organization\",\"name\":\"Green Patio\",\"alternateName\":\"Green Patio Espacio para eventos en Madrid\",\"url\":\"https:\/\/greenpatio.es\/\",\"logo\":{\"@type\":\"ImageObject\",\"inLanguage\":\"pt-PT\",\"@id\":\"https:\/\/greenpatio.es\/#\/schema\/logo\/image\/\",\"url\":\"https:\/\/greenpatio.es\/wp-content\/uploads\/2024\/12\/logo-reducido-green-patio.png\",\"contentUrl\":\"https:\/\/greenpatio.es\/wp-content\/uploads\/2024\/12\/logo-reducido-green-patio.png\",\"width\":1465,\"height\":1465,\"caption\":\"Green Patio\"},\"image\":{\"@id\":\"https:\/\/greenpatio.es\/#\/schema\/logo\/image\/\"},\"sameAs\":[\"https:\/\/www.instagram.com\/greenpatioevents\/\"]},{\"@type\":\"Person\",\"@id\":\"https:\/\/greenpatio.es\/#\/schema\/person\/85538d898e3b9d8195d05f58aa605b8d\",\"name\":\"admin\",\"image\":{\"@type\":\"ImageObject\",\"inLanguage\":\"pt-PT\",\"@id\":\"https:\/\/greenpatio.es\/#\/schema\/person\/image\/\",\"url\":\"https:\/\/secure.gravatar.com\/avatar\/dc343822ff32eded78127b9bc70d7a8bc38956142c75c7731c634a64f56fcafe?s=96&d=mm&r=g\",\"contentUrl\":\"https:\/\/secure.gravatar.com\/avatar\/dc343822ff32eded78127b9bc70d7a8bc38956142c75c7731c634a64f56fcafe?s=96&d=mm&r=g\",\"caption\":\"admin\"},\"sameAs\":[\"https:\/\/greenpatio.es\"]}]}<\/script>\n<!-- \/ Yoast SEO plugin. -->","yoast_head_json":{"title":"Por Qu\u00e9 Madrid es el Destino Ideal para Eventos Corporativos en Europa","description":"Madrid es un punto de conexi\u00f3n ideal para empresas de todo el mundo, descubre las ventajas de realizar tu evento en la capital","robots":{"index":"index","follow":"follow","max-snippet":"max-snippet:-1","max-image-preview":"max-image-preview:large","max-video-preview":"max-video-preview:-1"},"canonical":"https:\/\/greenpatio.es\/pt\/por-que-madrid-es-el-destino-ideal-para-eventos-corporativos-en-europa\/","og_locale":"pt_PT","og_type":"article","og_title":"Por Qu\u00e9 Madrid es el Destino Ideal para Eventos Corporativos en Europa","og_description":"Madrid es un punto de conexi\u00f3n ideal para empresas de todo el mundo, descubre las ventajas de realizar tu evento en la capital","og_url":"https:\/\/greenpatio.es\/pt\/por-que-madrid-es-el-destino-ideal-para-eventos-corporativos-en-europa\/","og_site_name":"Green Patio","article_published_time":"2025-01-21T11:03:12+00:00","article_modified_time":"2025-05-08T11:56:32+00:00","og_image":[{"width":2560,"height":1707,"url":"https:\/\/greenpatio.es\/wp-content\/uploads\/2025\/01\/florian-wehde-WBGjg0DsO_g-unsplash-min-scaled.jpg","type":"image\/jpeg"}],"author":"admin","twitter_card":"summary_large_image","twitter_misc":{"Escrito por":"admin","Tempo estimado de leitura":"4 minutos"},"schema":{"@context":"https:\/\/schema.org","@graph":[{"@type":"Article","@id":"https:\/\/greenpatio.es\/por-que-madrid-es-el-destino-ideal-para-eventos-corporativos-en-europa\/#article","isPartOf":{"@id":"https:\/\/greenpatio.es\/por-que-madrid-es-el-destino-ideal-para-eventos-corporativos-en-europa\/"},"author":{"name":"admin","@id":"https:\/\/greenpatio.es\/#\/schema\/person\/85538d898e3b9d8195d05f58aa605b8d"},"headline":"Por Qu\u00e9 Madrid es el Destino Ideal para Eventos Corporativos en Europa","datePublished":"2025-01-21T11:03:12+00:00","dateModified":"2025-05-08T11:56:32+00:00","mainEntityOfPage":{"@id":"https:\/\/greenpatio.es\/por-que-madrid-es-el-destino-ideal-para-eventos-corporativos-en-europa\/"},"wordCount":708,"publisher":{"@id":"https:\/\/greenpatio.es\/#organization"},"image":{"@id":"https:\/\/greenpatio.es\/por-que-madrid-es-el-destino-ideal-para-eventos-corporativos-en-europa\/#primaryimage"},"thumbnailUrl":"https:\/\/greenpatio.es\/wp-content\/uploads\/2025\/01\/florian-wehde-WBGjg0DsO_g-unsplash-min-scaled.jpg","articleSection":["Descubre Madrid"],"inLanguage":"pt-PT"},{"@type":"WebPage","@id":"https:\/\/greenpatio.es\/por-que-madrid-es-el-destino-ideal-para-eventos-corporativos-en-europa\/","url":"https:\/\/greenpatio.es\/por-que-madrid-es-el-destino-ideal-para-eventos-corporativos-en-europa\/","name":"Por Qu\u00e9 Madrid es el Destino Ideal para Eventos Corporativos en Europa","isPartOf":{"@id":"https:\/\/greenpatio.es\/#website"},"primaryImageOfPage":{"@id":"https:\/\/greenpatio.es\/por-que-madrid-es-el-destino-ideal-para-eventos-corporativos-en-europa\/#primaryimage"},"image":{"@id":"https:\/\/greenpatio.es\/por-que-madrid-es-el-destino-ideal-para-eventos-corporativos-en-europa\/#primaryimage"},"thumbnailUrl":"https:\/\/greenpatio.es\/wp-content\/uploads\/2025\/01\/florian-wehde-WBGjg0DsO_g-unsplash-min-scaled.jpg","datePublished":"2025-01-21T11:03:12+00:00","dateModified":"2025-05-08T11:56:32+00:00","description":"Madrid es un punto de conexi\u00f3n ideal para empresas de todo el mundo, descubre las ventajas de realizar tu evento en la capital","breadcrumb":{"@id":"https:\/\/greenpatio.es\/por-que-madrid-es-el-destino-ideal-para-eventos-corporativos-en-europa\/#breadcrumb"},"inLanguage":"pt-PT","potentialAction":[{"@type":"ReadAction","target":["https:\/\/greenpatio.es\/por-que-madrid-es-el-destino-ideal-para-eventos-corporativos-en-europa\/"]}]},{"@type":"ImageObject","inLanguage":"pt-PT","@id":"https:\/\/greenpatio.es\/por-que-madrid-es-el-destino-ideal-para-eventos-corporativos-en-europa\/#primaryimage","url":"https:\/\/greenpatio.es\/wp-content\/uploads\/2025\/01\/florian-wehde-WBGjg0DsO_g-unsplash-min-scaled.jpg","contentUrl":"https:\/\/greenpatio.es\/wp-content\/uploads\/2025\/01\/florian-wehde-WBGjg0DsO_g-unsplash-min-scaled.jpg","width":2560,"height":1707,"caption":"Ciudad de Madrid"},{"@type":"BreadcrumbList","@id":"https:\/\/greenpatio.es\/por-que-madrid-es-el-destino-ideal-para-eventos-corporativos-en-europa\/#breadcrumb","itemListElement":[{"@type":"ListItem","position":1,"name":"Inicio","item":"https:\/\/greenpatio.es\/"},{"@type":"ListItem","position":2,"name":"Por Qu\u00e9 Madrid es el Destino Ideal para Eventos Corporativos en Europa"}]},{"@type":"WebSite","@id":"https:\/\/greenpatio.es\/#website","url":"https:\/\/greenpatio.es\/","name":"Green Patio","description":"Espacios para eventos en Madrid","publisher":{"@id":"https:\/\/greenpatio.es\/#organization"},"alternateName":"Green Patio - Espacios para eventos en Madrid","potentialAction":[{"@type":"SearchAction","target":{"@type":"EntryPoint","urlTemplate":"https:\/\/greenpatio.es\/?s={search_term_string}"},"query-input":{"@type":"PropertyValueSpecification","valueRequired":true,"valueName":"search_term_string"}}],"inLanguage":"pt-PT"},{"@type":"Organization","@id":"https:\/\/greenpatio.es\/#organization","name":"Green Patio","alternateName":"Green Patio Espacio para eventos en Madrid","url":"https:\/\/greenpatio.es\/","logo":{"@type":"ImageObject","inLanguage":"pt-PT","@id":"https:\/\/greenpatio.es\/#\/schema\/logo\/image\/","url":"https:\/\/greenpatio.es\/wp-content\/uploads\/2024\/12\/logo-reducido-green-patio.png","contentUrl":"https:\/\/greenpatio.es\/wp-content\/uploads\/2024\/12\/logo-reducido-green-patio.png","width":1465,"height":1465,"caption":"Green Patio"},"image":{"@id":"https:\/\/greenpatio.es\/#\/schema\/logo\/image\/"},"sameAs":["https:\/\/www.instagram.com\/greenpatioevents\/"]},{"@type":"Person","@id":"https:\/\/greenpatio.es\/#\/schema\/person\/85538d898e3b9d8195d05f58aa605b8d","name":"admin","image":{"@type":"ImageObject","inLanguage":"pt-PT","@id":"https:\/\/greenpatio.es\/#\/schema\/person\/image\/","url":"https:\/\/secure.gravatar.com\/avatar\/dc343822ff32eded78127b9bc70d7a8bc38956142c75c7731c634a64f56fcafe?s=96&d=mm&r=g","contentUrl":"https:\/\/secure.gravatar.com\/avatar\/dc343822ff32eded78127b9bc70d7a8bc38956142c75c7731c634a64f56fcafe?s=96&d=mm&r=g","caption":"admin"},"sameAs":["https:\/\/greenpatio.es"]}]}},"_links":{"self":[{"href":"https:\/\/greenpatio.es\/pt\/wp-json\/wp\/v2\/posts\/149712","targetHints":{"allow":["GET"]}}],"collection":[{"href":"https:\/\/greenpatio.es\/pt\/wp-json\/wp\/v2\/posts"}],"about":[{"href":"https:\/\/greenpatio.es\/pt\/wp-json\/wp\/v2\/types\/post"}],"author":[{"embeddable":true,"href":"https:\/\/greenpatio.es\/pt\/wp-json\/wp\/v2\/users\/1"}],"replies":[{"embeddable":true,"href":"https:\/\/greenpatio.es\/pt\/wp-json\/wp\/v2\/comments?post=149712"}],"version-history":[{"count":4,"href":"https:\/\/greenpatio.es\/pt\/wp-json\/wp\/v2\/posts\/149712\/revisions"}],"predecessor-version":[{"id":150021,"href":"https:\/\/greenpatio.es\/pt\/wp-json\/wp\/v2\/posts\/149712\/revisions\/150021"}],"wp:featuredmedia":[{"embeddable":true,"href":"https:\/\/greenpatio.es\/pt\/wp-json\/wp\/v2\/media\/149713"}],"wp:attachment":[{"href":"https:\/\/greenpatio.es\/pt\/wp-json\/wp\/v2\/media?parent=149712"}],"wp:term":[{"taxonomy":"category","embeddable":true,"href":"https:\/\/greenpatio.es\/pt\/wp-json\/wp\/v2\/categories?post=149712"},{"taxonomy":"post_tag","embeddable":true,"href":"https:\/\/greenpatio.es\/pt\/wp-json\/wp\/v2\/tags?post=149712"}],"curies":[{"name":"wp","href":"https:\/\/api.w.org\/{rel}","templated":true}]}}