{"id":150582,"date":"2025-03-04T14:17:50","date_gmt":"2025-03-04T14:17:50","guid":{"rendered":"https:\/\/greenpatio.es\/?p=150582"},"modified":"2025-05-08T11:56:32","modified_gmt":"2025-05-08T11:56:32","slug":"asociacion-venues","status":"publish","type":"post","link":"https:\/\/greenpatio.es\/pt\/asociacion-venues\/","title":{"rendered":"VENUES: Associa\u00e7\u00e3o para a Promo\u00e7\u00e3o de Espa\u00e7os para Eventos em Espanha"},"content":{"rendered":"<p>A ind\u00fastria de eventos em Espanha continua a evoluir e, com ela, novas iniciativas para fortalecer o sector. VENUES \u00e9 uma nova associa\u00e7\u00e3o que j\u00e1 re\u00fane 20 espa\u00e7os l\u00edderes no sector MICE, com o objetivo de oferecer um selo de garantia e excel\u00eancia \u00e0s empresas e organizadores de eventos.<\/p>\n\n\n\n<p>A Green Patio est\u00e1 entusiasmada por fazer parte desta comunidade, contribuindo com a sua experi\u00eancia e compromisso com a inova\u00e7\u00e3o em eventos corporativos.<\/p>\n\n\n\n<h2 class=\"wp-block-heading\"><strong>Um novo impulso para o sector MICE<\/strong><\/h2>\n\n\n\n<p><\/p>\n\n\n\n<p>Espanha \u00e9 um destino chave para o sector MICE (Meetings, Incentives, Conferences &amp; Exhibitions), com um crescimento constante da procura de espa\u00e7os vers\u00e1teis, bem equipados e com um elevado n\u00edvel de servi\u00e7o.<\/p>\n\n\n\n<p>VENUES surge como uma iniciativa para fortalecer o sector e gerar uma rede de locais de confian\u00e7a, onde as empresas e os organizadores podem encontrar locais que satisfa\u00e7am os requisitos mais exigentes em termos de infra-estruturas, tecnologia, sustentabilidade e aten\u00e7\u00e3o personalizada.<\/p>\n\n\n\n<h3 class=\"wp-block-heading\"><strong>United for Excellence: Rafael Guerrero como Presidente da VENUES<\/strong><\/h3>\n\n\n\n<p><\/p>\n\n\n\n<p>A associa\u00e7\u00e3o \u00e9 presidida por Rafael Guerrero, uma figura-chave do sector com uma vis\u00e3o clara:<\/p>\n\n\n\n<p>\"VENUES \u00e9 uma iniciativa que pretende refor\u00e7ar a profissionaliza\u00e7\u00e3o do sector dos recintos de eventos em Espanha, gerando uma rede de confian\u00e7a entre os melhores recintos para eventos e facilitando o trabalho dos organizadores\".<\/p>\n\n\n\n<h3 class=\"wp-block-heading\"><strong>Green Patio e o seu compromisso com a inova\u00e7\u00e3o em eventos<\/strong><\/h3>\n\n\n\n<p><\/p>\n\n\n\n<p>No Green Patio, a nossa miss\u00e3o \u00e9 oferecer espa\u00e7os inovadores e flex\u00edveis para eventos corporativos, com foco na sustentabilidade, personaliza\u00e7\u00e3o e excel\u00eancia de servi\u00e7o. Fazer parte da VENUES permite-nos colaborar com outros espa\u00e7os de refer\u00eancia e continuar a impulsionar a evolu\u00e7\u00e3o do sector.<\/p>\n\n\n\n<p>Desde espa\u00e7os com arquitetura de vanguarda a locais com a mais recente tecnologia h\u00edbrida para eventos, esta parceria facilita aos organizadores a procura do espa\u00e7o perfeito para cada ocasi\u00e3o.<\/p>\n\n\n\n<h3 class=\"wp-block-heading\"><strong>Porque \u00e9 que a VENUES beneficia os organizadores e as empresas?<\/strong><\/h3>\n\n\n\n<p><\/p>\n\n\n\n<p><strong>\ud83d\udd39 Garantia de qualidade e servi\u00e7o em todas as \u00e1reas dos membros.<\/strong><strong><br><\/strong><strong>Rede de espa\u00e7os de refer\u00eancia em Madrid e noutras cidades de Espanha.<\/strong><strong><br><\/strong><strong>F\u00e1cil de encontrar o espa\u00e7o ideal de acordo com o tipo de evento.<\/strong><strong><br><\/strong><strong>\ud83d\udd39 Colabora\u00e7\u00e3o e trabalho em rede entre as melhores salas de espet\u00e1culo do pa\u00eds.<\/strong><\/p>\n\n\n\n<h3 class=\"wp-block-heading\"><strong>O futuro dos eventos em Espanha<\/strong><\/h3>\n\n\n\n<p><\/p>\n\n\n\n<p>Com VENUES, o sector dos eventos empresariais em Espanha d\u00e1 um passo em frente, promovendo a excel\u00eancia e facilitando \u00e0s empresas a procura de espa\u00e7os que cumpram os mais elevados padr\u00f5es.<\/p>\n\n\n\n<p><strong>Se est\u00e1 \u00e0 procura de um espa\u00e7o para o seu pr\u00f3ximo evento, consulte os locais da associa\u00e7\u00e3o e descubra um novo n\u00edvel de qualidade e profissionalismo.<\/strong><\/p>","protected":false},"excerpt":{"rendered":"<p>La industria de los eventos&#8230;<\/p>","protected":false},"author":1,"featured_media":150583,"comment_status":"closed","ping_status":"open","sticky":false,"template":"","format":"standard","meta":{"_monsterinsights_skip_tracking":false,"_monsterinsights_sitenote_active":false,"_monsterinsights_sitenote_note":"","_monsterinsights_sitenote_category":0,"footnotes":""},"categories":[172],"tags":[],"class_list":["post-150582","post","type-post","status-publish","format-standard","has-post-thumbnail","hentry","category-eventos"],"yoast_head":"<!-- This site is optimized with the Yoast SEO plugin v24.0 - https:\/\/yoast.com\/wordpress\/plugins\/seo\/ -->\n<title>VENUES: La Asociaci\u00f3n que Impulsa los Espacios para Eventos en Espa\u00f1a<\/title>\n<meta name=\"description\" content=\"Nace VENUES, la nueva asociaci\u00f3n de espacios para eventos profesionales y MICE en Espa\u00f1a, estamos orgullosos de formar parte de este proyecto que re\u00fane ya a 20 venues comprometidos con la excelencia, la calidad y el mejor servicio.\" \/>\n<meta name=\"robots\" content=\"index, follow, max-snippet:-1, max-image-preview:large, max-video-preview:-1\" \/>\n<link rel=\"canonical\" href=\"https:\/\/greenpatio.es\/pt\/asociacion-venues\/\" \/>\n<meta property=\"og:locale\" content=\"pt_PT\" \/>\n<meta property=\"og:type\" content=\"article\" \/>\n<meta property=\"og:title\" content=\"VENUES: La Asociaci\u00f3n que Impulsa los Espacios para Eventos en Espa\u00f1a\" \/>\n<meta property=\"og:description\" content=\"Nace VENUES, la nueva asociaci\u00f3n de espacios para eventos profesionales y MICE en Espa\u00f1a, estamos orgullosos de formar parte de este proyecto que re\u00fane ya a 20 venues comprometidos con la excelencia, la calidad y el mejor servicio.\" \/>\n<meta property=\"og:url\" content=\"https:\/\/greenpatio.es\/pt\/asociacion-venues\/\" \/>\n<meta property=\"og:site_name\" content=\"Green Patio\" \/>\n<meta property=\"article:published_time\" content=\"2025-03-04T14:17:50+00:00\" \/>\n<meta property=\"article:modified_time\" content=\"2025-05-08T11:56:32+00:00\" \/>\n<meta property=\"og:image\" content=\"https:\/\/greenpatio.es\/wp-content\/uploads\/2025\/03\/1.jpeg\" \/>\n\t<meta property=\"og:image:width\" content=\"2048\" \/>\n\t<meta property=\"og:image:height\" content=\"1153\" \/>\n\t<meta property=\"og:image:type\" content=\"image\/jpeg\" \/>\n<meta name=\"author\" content=\"admin\" \/>\n<meta name=\"twitter:card\" content=\"summary_large_image\" \/>\n<meta name=\"twitter:label1\" content=\"Escrito por\" \/>\n\t<meta name=\"twitter:data1\" content=\"admin\" \/>\n\t<meta name=\"twitter:label2\" content=\"Tempo estimado de leitura\" \/>\n\t<meta name=\"twitter:data2\" content=\"3 minutos\" \/>\n<script type=\"application\/ld+json\" class=\"yoast-schema-graph\">{\"@context\":\"https:\/\/schema.org\",\"@graph\":[{\"@type\":\"Article\",\"@id\":\"https:\/\/greenpatio.es\/asociacion-venues\/#article\",\"isPartOf\":{\"@id\":\"https:\/\/greenpatio.es\/asociacion-venues\/\"},\"author\":{\"name\":\"admin\",\"@id\":\"https:\/\/greenpatio.es\/#\/schema\/person\/85538d898e3b9d8195d05f58aa605b8d\"},\"headline\":\"VENUES: La Asociaci\u00f3n que Impulsa los Espacios para Eventos en Espa\u00f1a\",\"datePublished\":\"2025-03-04T14:17:50+00:00\",\"dateModified\":\"2025-05-08T11:56:32+00:00\",\"mainEntityOfPage\":{\"@id\":\"https:\/\/greenpatio.es\/asociacion-venues\/\"},\"wordCount\":459,\"publisher\":{\"@id\":\"https:\/\/greenpatio.es\/#organization\"},\"image\":{\"@id\":\"https:\/\/greenpatio.es\/asociacion-venues\/#primaryimage\"},\"thumbnailUrl\":\"https:\/\/greenpatio.es\/wp-content\/uploads\/2025\/03\/1.jpeg\",\"articleSection\":[\"Eventos\"],\"inLanguage\":\"pt-PT\"},{\"@type\":\"WebPage\",\"@id\":\"https:\/\/greenpatio.es\/asociacion-venues\/\",\"url\":\"https:\/\/greenpatio.es\/asociacion-venues\/\",\"name\":\"VENUES: La Asociaci\u00f3n que Impulsa los Espacios para Eventos en Espa\u00f1a\",\"isPartOf\":{\"@id\":\"https:\/\/greenpatio.es\/#website\"},\"primaryImageOfPage\":{\"@id\":\"https:\/\/greenpatio.es\/asociacion-venues\/#primaryimage\"},\"image\":{\"@id\":\"https:\/\/greenpatio.es\/asociacion-venues\/#primaryimage\"},\"thumbnailUrl\":\"https:\/\/greenpatio.es\/wp-content\/uploads\/2025\/03\/1.jpeg\",\"datePublished\":\"2025-03-04T14:17:50+00:00\",\"dateModified\":\"2025-05-08T11:56:32+00:00\",\"description\":\"Nace VENUES, la nueva asociaci\u00f3n de espacios para eventos profesionales y MICE en Espa\u00f1a, estamos orgullosos de formar parte de este proyecto que re\u00fane ya a 20 venues comprometidos con la excelencia, la calidad y el mejor servicio.\",\"breadcrumb\":{\"@id\":\"https:\/\/greenpatio.es\/asociacion-venues\/#breadcrumb\"},\"inLanguage\":\"pt-PT\",\"potentialAction\":[{\"@type\":\"ReadAction\",\"target\":[\"https:\/\/greenpatio.es\/asociacion-venues\/\"]}]},{\"@type\":\"ImageObject\",\"inLanguage\":\"pt-PT\",\"@id\":\"https:\/\/greenpatio.es\/asociacion-venues\/#primaryimage\",\"url\":\"https:\/\/greenpatio.es\/wp-content\/uploads\/2025\/03\/1.jpeg\",\"contentUrl\":\"https:\/\/greenpatio.es\/wp-content\/uploads\/2025\/03\/1.jpeg\",\"width\":2048,\"height\":1153,\"caption\":\"reunion venues evento\"},{\"@type\":\"BreadcrumbList\",\"@id\":\"https:\/\/greenpatio.es\/asociacion-venues\/#breadcrumb\",\"itemListElement\":[{\"@type\":\"ListItem\",\"position\":1,\"name\":\"Inicio\",\"item\":\"https:\/\/greenpatio.es\/\"},{\"@type\":\"ListItem\",\"position\":2,\"name\":\"VENUES: La Asociaci\u00f3n que Impulsa los Espacios para Eventos en Espa\u00f1a\"}]},{\"@type\":\"WebSite\",\"@id\":\"https:\/\/greenpatio.es\/#website\",\"url\":\"https:\/\/greenpatio.es\/\",\"name\":\"Green Patio\",\"description\":\"Espacios para eventos en Madrid\",\"publisher\":{\"@id\":\"https:\/\/greenpatio.es\/#organization\"},\"alternateName\":\"Green Patio - Espacios para eventos en Madrid\",\"potentialAction\":[{\"@type\":\"SearchAction\",\"target\":{\"@type\":\"EntryPoint\",\"urlTemplate\":\"https:\/\/greenpatio.es\/?s={search_term_string}\"},\"query-input\":{\"@type\":\"PropertyValueSpecification\",\"valueRequired\":true,\"valueName\":\"search_term_string\"}}],\"inLanguage\":\"pt-PT\"},{\"@type\":\"Organization\",\"@id\":\"https:\/\/greenpatio.es\/#organization\",\"name\":\"Green Patio\",\"alternateName\":\"Green Patio Espacio para eventos en Madrid\",\"url\":\"https:\/\/greenpatio.es\/\",\"logo\":{\"@type\":\"ImageObject\",\"inLanguage\":\"pt-PT\",\"@id\":\"https:\/\/greenpatio.es\/#\/schema\/logo\/image\/\",\"url\":\"https:\/\/greenpatio.es\/wp-content\/uploads\/2024\/12\/logo-reducido-green-patio.png\",\"contentUrl\":\"https:\/\/greenpatio.es\/wp-content\/uploads\/2024\/12\/logo-reducido-green-patio.png\",\"width\":1465,\"height\":1465,\"caption\":\"Green Patio\"},\"image\":{\"@id\":\"https:\/\/greenpatio.es\/#\/schema\/logo\/image\/\"},\"sameAs\":[\"https:\/\/www.instagram.com\/greenpatioevents\/\"]},{\"@type\":\"Person\",\"@id\":\"https:\/\/greenpatio.es\/#\/schema\/person\/85538d898e3b9d8195d05f58aa605b8d\",\"name\":\"admin\",\"image\":{\"@type\":\"ImageObject\",\"inLanguage\":\"pt-PT\",\"@id\":\"https:\/\/greenpatio.es\/#\/schema\/person\/image\/\",\"url\":\"https:\/\/secure.gravatar.com\/avatar\/dc343822ff32eded78127b9bc70d7a8bc38956142c75c7731c634a64f56fcafe?s=96&d=mm&r=g\",\"contentUrl\":\"https:\/\/secure.gravatar.com\/avatar\/dc343822ff32eded78127b9bc70d7a8bc38956142c75c7731c634a64f56fcafe?s=96&d=mm&r=g\",\"caption\":\"admin\"},\"sameAs\":[\"https:\/\/greenpatio.es\"]}]}<\/script>\n<!-- \/ Yoast SEO plugin. -->","yoast_head_json":{"title":"VENUES: La Asociaci\u00f3n que Impulsa los Espacios para Eventos en Espa\u00f1a","description":"Nace VENUES, la nueva asociaci\u00f3n de espacios para eventos profesionales y MICE en Espa\u00f1a, estamos orgullosos de formar parte de este proyecto que re\u00fane ya a 20 venues comprometidos con la excelencia, la calidad y el mejor servicio.","robots":{"index":"index","follow":"follow","max-snippet":"max-snippet:-1","max-image-preview":"max-image-preview:large","max-video-preview":"max-video-preview:-1"},"canonical":"https:\/\/greenpatio.es\/pt\/asociacion-venues\/","og_locale":"pt_PT","og_type":"article","og_title":"VENUES: La Asociaci\u00f3n que Impulsa los Espacios para Eventos en Espa\u00f1a","og_description":"Nace VENUES, la nueva asociaci\u00f3n de espacios para eventos profesionales y MICE en Espa\u00f1a, estamos orgullosos de formar parte de este proyecto que re\u00fane ya a 20 venues comprometidos con la excelencia, la calidad y el mejor servicio.","og_url":"https:\/\/greenpatio.es\/pt\/asociacion-venues\/","og_site_name":"Green Patio","article_published_time":"2025-03-04T14:17:50+00:00","article_modified_time":"2025-05-08T11:56:32+00:00","og_image":[{"width":2048,"height":1153,"url":"https:\/\/greenpatio.es\/wp-content\/uploads\/2025\/03\/1.jpeg","type":"image\/jpeg"}],"author":"admin","twitter_card":"summary_large_image","twitter_misc":{"Escrito por":"admin","Tempo estimado de leitura":"3 minutos"},"schema":{"@context":"https:\/\/schema.org","@graph":[{"@type":"Article","@id":"https:\/\/greenpatio.es\/asociacion-venues\/#article","isPartOf":{"@id":"https:\/\/greenpatio.es\/asociacion-venues\/"},"author":{"name":"admin","@id":"https:\/\/greenpatio.es\/#\/schema\/person\/85538d898e3b9d8195d05f58aa605b8d"},"headline":"VENUES: La Asociaci\u00f3n que Impulsa los Espacios para Eventos en Espa\u00f1a","datePublished":"2025-03-04T14:17:50+00:00","dateModified":"2025-05-08T11:56:32+00:00","mainEntityOfPage":{"@id":"https:\/\/greenpatio.es\/asociacion-venues\/"},"wordCount":459,"publisher":{"@id":"https:\/\/greenpatio.es\/#organization"},"image":{"@id":"https:\/\/greenpatio.es\/asociacion-venues\/#primaryimage"},"thumbnailUrl":"https:\/\/greenpatio.es\/wp-content\/uploads\/2025\/03\/1.jpeg","articleSection":["Eventos"],"inLanguage":"pt-PT"},{"@type":"WebPage","@id":"https:\/\/greenpatio.es\/asociacion-venues\/","url":"https:\/\/greenpatio.es\/asociacion-venues\/","name":"VENUES: La Asociaci\u00f3n que Impulsa los Espacios para Eventos en Espa\u00f1a","isPartOf":{"@id":"https:\/\/greenpatio.es\/#website"},"primaryImageOfPage":{"@id":"https:\/\/greenpatio.es\/asociacion-venues\/#primaryimage"},"image":{"@id":"https:\/\/greenpatio.es\/asociacion-venues\/#primaryimage"},"thumbnailUrl":"https:\/\/greenpatio.es\/wp-content\/uploads\/2025\/03\/1.jpeg","datePublished":"2025-03-04T14:17:50+00:00","dateModified":"2025-05-08T11:56:32+00:00","description":"Nace VENUES, la nueva asociaci\u00f3n de espacios para eventos profesionales y MICE en Espa\u00f1a, estamos orgullosos de formar parte de este proyecto que re\u00fane ya a 20 venues comprometidos con la excelencia, la calidad y el mejor servicio.","breadcrumb":{"@id":"https:\/\/greenpatio.es\/asociacion-venues\/#breadcrumb"},"inLanguage":"pt-PT","potentialAction":[{"@type":"ReadAction","target":["https:\/\/greenpatio.es\/asociacion-venues\/"]}]},{"@type":"ImageObject","inLanguage":"pt-PT","@id":"https:\/\/greenpatio.es\/asociacion-venues\/#primaryimage","url":"https:\/\/greenpatio.es\/wp-content\/uploads\/2025\/03\/1.jpeg","contentUrl":"https:\/\/greenpatio.es\/wp-content\/uploads\/2025\/03\/1.jpeg","width":2048,"height":1153,"caption":"reunion venues evento"},{"@type":"BreadcrumbList","@id":"https:\/\/greenpatio.es\/asociacion-venues\/#breadcrumb","itemListElement":[{"@type":"ListItem","position":1,"name":"Inicio","item":"https:\/\/greenpatio.es\/"},{"@type":"ListItem","position":2,"name":"VENUES: La Asociaci\u00f3n que Impulsa los Espacios para Eventos en Espa\u00f1a"}]},{"@type":"WebSite","@id":"https:\/\/greenpatio.es\/#website","url":"https:\/\/greenpatio.es\/","name":"Green Patio","description":"Espacios para eventos en Madrid","publisher":{"@id":"https:\/\/greenpatio.es\/#organization"},"alternateName":"Green Patio - Espacios para eventos en Madrid","potentialAction":[{"@type":"SearchAction","target":{"@type":"EntryPoint","urlTemplate":"https:\/\/greenpatio.es\/?s={search_term_string}"},"query-input":{"@type":"PropertyValueSpecification","valueRequired":true,"valueName":"search_term_string"}}],"inLanguage":"pt-PT"},{"@type":"Organization","@id":"https:\/\/greenpatio.es\/#organization","name":"Green Patio","alternateName":"Green Patio Espacio para eventos en Madrid","url":"https:\/\/greenpatio.es\/","logo":{"@type":"ImageObject","inLanguage":"pt-PT","@id":"https:\/\/greenpatio.es\/#\/schema\/logo\/image\/","url":"https:\/\/greenpatio.es\/wp-content\/uploads\/2024\/12\/logo-reducido-green-patio.png","contentUrl":"https:\/\/greenpatio.es\/wp-content\/uploads\/2024\/12\/logo-reducido-green-patio.png","width":1465,"height":1465,"caption":"Green Patio"},"image":{"@id":"https:\/\/greenpatio.es\/#\/schema\/logo\/image\/"},"sameAs":["https:\/\/www.instagram.com\/greenpatioevents\/"]},{"@type":"Person","@id":"https:\/\/greenpatio.es\/#\/schema\/person\/85538d898e3b9d8195d05f58aa605b8d","name":"admin","image":{"@type":"ImageObject","inLanguage":"pt-PT","@id":"https:\/\/greenpatio.es\/#\/schema\/person\/image\/","url":"https:\/\/secure.gravatar.com\/avatar\/dc343822ff32eded78127b9bc70d7a8bc38956142c75c7731c634a64f56fcafe?s=96&d=mm&r=g","contentUrl":"https:\/\/secure.gravatar.com\/avatar\/dc343822ff32eded78127b9bc70d7a8bc38956142c75c7731c634a64f56fcafe?s=96&d=mm&r=g","caption":"admin"},"sameAs":["https:\/\/greenpatio.es"]}]}},"_links":{"self":[{"href":"https:\/\/greenpatio.es\/pt\/wp-json\/wp\/v2\/posts\/150582","targetHints":{"allow":["GET"]}}],"collection":[{"href":"https:\/\/greenpatio.es\/pt\/wp-json\/wp\/v2\/posts"}],"about":[{"href":"https:\/\/greenpatio.es\/pt\/wp-json\/wp\/v2\/types\/post"}],"author":[{"embeddable":true,"href":"https:\/\/greenpatio.es\/pt\/wp-json\/wp\/v2\/users\/1"}],"replies":[{"embeddable":true,"href":"https:\/\/greenpatio.es\/pt\/wp-json\/wp\/v2\/comments?post=150582"}],"version-history":[{"count":2,"href":"https:\/\/greenpatio.es\/pt\/wp-json\/wp\/v2\/posts\/150582\/revisions"}],"predecessor-version":[{"id":150585,"href":"https:\/\/greenpatio.es\/pt\/wp-json\/wp\/v2\/posts\/150582\/revisions\/150585"}],"wp:featuredmedia":[{"embeddable":true,"href":"https:\/\/greenpatio.es\/pt\/wp-json\/wp\/v2\/media\/150583"}],"wp:attachment":[{"href":"https:\/\/greenpatio.es\/pt\/wp-json\/wp\/v2\/media?parent=150582"}],"wp:term":[{"taxonomy":"category","embeddable":true,"href":"https:\/\/greenpatio.es\/pt\/wp-json\/wp\/v2\/categories?post=150582"},{"taxonomy":"post_tag","embeddable":true,"href":"https:\/\/greenpatio.es\/pt\/wp-json\/wp\/v2\/tags?post=150582"}],"curies":[{"name":"wp","href":"https:\/\/api.w.org\/{rel}","templated":true}]}}